{"id":796,"date":"2005-04-24T15:40:18","date_gmt":"2005-04-24T14:40:18","guid":{"rendered":"http:\/\/carfree.fr\/index.php\/2005\/04\/24\/le-periph-aux-pietons\/"},"modified":"2023-11-13T16:39:37","modified_gmt":"2023-11-13T15:39:37","slug":"le-periph-aux-pietons","status":"publish","type":"post","link":"https:\/\/carfree.fr\/index.php\/2005\/04\/24\/le-periph-aux-pietons\/","title":{"rendered":"Le p\u00e9riph&rsquo; aux pi\u00e9tons!"},"content":{"rendered":"<p><span style=\"font-weight: bold;\">Ouvrons le P\u00e9riph\u00e9rique aux pi\u00e9tons !<\/span><\/p>\n<p>L&rsquo;association \u00ab\u00a0La P\u00e9riph\u00e9erique\u00a0\u00bb propose une id\u00e9e simple :<\/p>\n<p>Ouvrir enti\u00e8rement le Boulevard P\u00e9riph\u00e9rique parisien aux pi\u00e9tons pour une journ\u00e9e et organiser sur ce nouvel espace une f\u00eate populaire du sport, de l&rsquo;environnement et de la fraternit\u00e9. <!--more--><\/p>\n<p>Au c\u0153ur de l\u2019\u00e9v\u00e9nement: une grande course et randonn\u00e9e \u00e0 pied, en roller, en v\u00e9lo et m\u00eame\u2026 en fauteuil roulant pour les personnes handicap\u00e9es.<\/p>\n<p>Un nom s&rsquo;impose naturellement: \u00ab\u00a0La P\u00e9rif\u00e9erique\u00a0\u00bb&#8230; le jour o\u00f9 le P\u00e9riph&rsquo; sera f\u00e9erique! Une fa\u00e7on originale et symbolique de f\u00eater les 30 ans du Boulevard P\u00e9riph\u00e9rique et le d\u00e9but des travaux de couverture.<\/p>\n<p>Espace de bruit, de vitesse et de pollution, le Boulevard P\u00e9riph\u00e9rique accueille chaque jour plus d\u2019un million de v\u00e9hicules. C&rsquo;est un v\u00e9ritable symbole de la domination de l&rsquo;automobile sur les autres modes de transport franciliens. C&rsquo;est \u00e9galement un lieu de pollution important, comme a pu le montrer r\u00e9cemment une \u00e9tude sur l&rsquo;\u00e9changeur de Bagnolet.<\/p>\n<p>Fracture urbaine r\u00e9elle, le P\u00e9riph&rsquo; incarne aussi une fronti\u00e8re symbolique entre Paris et sa banlieue.<\/p>\n<p>En organisant une grande f\u00eate populaire le long de ses 35 km, l\u2019association La P\u00e9rif\u00e9erique entend mettre litt\u00e9ralement en sc\u00e8ne ce long ruban de bitume pour le transformer en anneau d\u2019air pur, de convivialit\u00e9 et\u2026 de f\u00e9erie urbaine!<\/p>\n<p>En 30 ans, le trafic cumul\u00e9 a d\u00e9pass\u00e9 les dix milliards de v\u00e9hicules! Mais combien sont-ils aujourd&rsquo;hui \u00e0 avoir march\u00e9 sur le P\u00e9riph\u00e9rique? Une poign\u00e9e de policiers, d&rsquo;ouvriers, d&rsquo;agents d&rsquo;entretien et d&rsquo;automobilistes accident\u00e9s, sans doute \u00e0 peine plus nombreux que ceux qui ont march\u00e9 sur la Lune!<\/p>\n<p>L&rsquo;objectif est d&rsquo;amener des dizaines ou des centaines de milliers de personnes \u00e0 poser leurs pas sur les 140 hectares de bitume de ce sanctuaire de l&rsquo;automobile. 35 km de long sur 30 m\u00e8tres de large, c&rsquo;est trois fois la surface du Jardin du Luxembourg!<\/p>\n<p><span style=\"font-weight: bold;\"><br \/>\nQuand ?<\/span><\/p>\n<p>La P\u00e9rif\u00e9erique se d\u00e9roulera au printemps ou \u00e0 l\u2019\u00e9t\u00e9 2006, probablement un dimanche matin. L\u2019\u00e9ch\u00e9ance est lointaine, du fait du temps n\u00e9cessaire \u00e0 l\u2019obtention de l\u2019autorisation des pouvoirs publics, puis \u00e0 l\u2019organisation de l\u2019\u00e9v\u00e9nement. Un clip en flash pr\u00e9sentant le projet a \u00e9t\u00e9 r\u00e9alis\u00e9.<\/p>\n<p>Pour l&rsquo;instant, en avril 2005, plus de 13.000 personnes soutiennent d\u00e9j\u00e0 le projet! Parmi les \u00e9lus, le Maire de Paris, le Ministre de la Jeunesse et des Sports, le Pr\u00e9sident du Conseil R\u00e9gional d&rsquo;Ile-de-France ainsi que de nombreux maires, d\u00e9put\u00e9s et conseillers municipaux d&rsquo;Ile-de-France font partie du comit\u00e9 de soutien.<\/p>\n<p><img decoding=\"async\" loading=\"lazy\" class=\"alignnone size-full wp-image-40496\" src=\"http:\/\/carfree.fr\/img\/2005\/04\/peripheerique.gif\" alt=\"\" width=\"179\" height=\"103\" \/><\/p>\n","protected":false},"excerpt":{"rendered":"<p>Ouvrons le P\u00e9riph\u00e9rique aux pi\u00e9tons ! L&rsquo;association \u00ab\u00a0La P\u00e9riph\u00e9erique\u00a0\u00bb propose une id\u00e9e simple : Ouvrir enti\u00e8rement le Boulevard P\u00e9riph\u00e9rique parisien aux pi\u00e9tons pour une journ\u00e9e et organiser sur ce nouvel <a class=\"more-link\" href=\"https:\/\/carfree.fr\/index.php\/2005\/04\/24\/le-periph-aux-pietons\/\">Lire la suite&#8230;<\/a><\/p>\n","protected":false},"author":1390,"featured_media":40818,"comment_status":"open","ping_status":"open","sticky":false,"template":"","format":"standard","meta":[],"categories":[4,9],"tags":[1848,326,241,106,123,101,33],"views":3851,"_links":{"self":[{"href":"https:\/\/carfree.fr\/index.php\/wp-json\/wp\/v2\/posts\/796"}],"collection":[{"href":"https:\/\/carfree.fr\/index.php\/wp-json\/wp\/v2\/posts"}],"about":[{"href":"https:\/\/carfree.fr\/index.php\/wp-json\/wp\/v2\/types\/post"}],"author":[{"embeddable":true,"href":"https:\/\/carfree.fr\/index.php\/wp-json\/wp\/v2\/users\/1390"}],"replies":[{"embeddable":true,"href":"https:\/\/carfree.fr\/index.php\/wp-json\/wp\/v2\/comments?post=796"}],"version-history":[{"count":0,"href":"https:\/\/carfree.fr\/index.php\/wp-json\/wp\/v2\/posts\/796\/revisions"}],"wp:featuredmedia":[{"embeddable":true,"href":"https:\/\/carfree.fr\/index.php\/wp-json\/wp\/v2\/media\/40818"}],"wp:attachment":[{"href":"https:\/\/carfree.fr\/index.php\/wp-json\/wp\/v2\/media?parent=796"}],"wp:term":[{"taxonomy":"category","embeddable":true,"href":"https:\/\/carfree.fr\/index.php\/wp-json\/wp\/v2\/categories?post=796"},{"taxonomy":"post_tag","embeddable":true,"href":"https:\/\/carfree.fr\/index.php\/wp-json\/wp\/v2\/tags?post=796"}],"curies":[{"name":"wp","href":"https:\/\/api.w.org\/{rel}","templated":true}]}}