{"id":8003,"date":"2010-05-11T08:25:18","date_gmt":"2010-05-11T07:25:18","guid":{"rendered":"http:\/\/carfree.fr\/?p=8003"},"modified":"2021-11-16T23:41:53","modified_gmt":"2021-11-16T22:41:53","slug":"le-sport-fric-au-secours-de-lauto-frime","status":"publish","type":"post","link":"https:\/\/carfree.fr\/index.php\/2010\/05\/11\/le-sport-fric-au-secours-de-lauto-frime\/","title":{"rendered":"Le sport-fric au secours de l&rsquo;auto-frime"},"content":{"rendered":"<p><img decoding=\"async\" loading=\"lazy\" title=\"sport-fric\" src=\"http:\/\/carfree.fr\/images\/sport-fric.jpg\" alt=\"sport-fric\" width=\"420\" height=\"200\" \/><\/p>\n<p>Comme beaucoup de fran\u00e7ais, j&rsquo;aime bien Luc Alphand et Eric Cantonna, mais je pr\u00e9f\u00e9rerais les voir soutenir des causes humanitaires ou la recherche scientifique plut\u00f4t qu&rsquo;une industrie dont la seule l\u00e9gitimit\u00e9 n&rsquo;est plus que sa puissance financi\u00e8re. <!--more--><\/p>\n<p>Il y a une dissym\u00e9trie de la communication quand on compare les budgets publicitaires de Renault ou de Mitsubishi et les recommandations de tous les scientifiques et d\u00e9cisionnaires urbains sur les ravages sanitaires du trafic automobiles sur la nature et sur la collectivit\u00e9:<\/p>\n<ul>\n<li>surpoids, embonpoint et ob\u00e9sit\u00e9,<\/li>\n<li>hypovigilence et hypoventilation,<\/li>\n<li>congestion des circulations sanguine et urbaine,<\/li>\n<li>paresse des transits intestinal et routier,<\/li>\n<li>s\u00e9dentarit\u00e9 et manque d&rsquo;exercice,<\/li>\n<li>fragmentation de la biodiversit\u00e9,<\/li>\n<li>\u00e9puisement des ressources fossiles,<\/li>\n<li>d\u00e9r\u00e8glement climatique,<\/li>\n<li>contribution de l&rsquo;automobile au stress individuel,<\/li>\n<li>dissuasion et menace sur l&rsquo;\u00e9comobilit\u00e9,<\/li>\n<\/ul>\n<h2>Il y a une certaine contradiction entre l&rsquo;image dynamique et saine de ces vedettes du sport et l&rsquo;archa\u00efsme d&rsquo;une industrie r\u00e9trograde dont la seule pr\u00e9occupation est de pr\u00e9server ses privil\u00e8ges acquis au si\u00e8cle dernier en d\u00e9pit de toutes les alarmes scientifiques sur les exc\u00e8s du recours \u00e0 l&rsquo;automobile individuelle.<\/h2>\n<p>Gilles Chomel,<br \/>\nGestionnaire de <a title=\"L\u00e9coLomobiLe.fr\" href=\"http:\/\/gilles.chomel.free.fr\/\" target=\"_blank\">L\u00e9coLomobiLe.fr<\/a> et de <a title=\"LACPA.fr\" href=\"http:\/\/LACPA.fr\" target=\"_blank\">LACPA.fr<\/a>,<br \/>\nProgrammeur du jeu vid\u00e9o CrypText.fr<\/p>\n","protected":false},"excerpt":{"rendered":"<p>Comme beaucoup de fran\u00e7ais, j&rsquo;aime bien Luc Alphand et Eric Cantonna, mais je pr\u00e9f\u00e9rerais les voir soutenir des causes humanitaires ou la recherche scientifique plut\u00f4t qu&rsquo;une industrie dont la seule <a class=\"more-link\" href=\"https:\/\/carfree.fr\/index.php\/2010\/05\/11\/le-sport-fric-au-secours-de-lauto-frime\/\">Lire la suite&#8230;<\/a><\/p>\n","protected":false},"author":27,"featured_media":8004,"comment_status":"open","ping_status":"open","sticky":false,"template":"","format":"standard","meta":[],"categories":[73],"tags":[689,110,57,175,187,346,636,81,87,474,134,278,522,86,235,1606,220],"views":5640,"_links":{"self":[{"href":"https:\/\/carfree.fr\/index.php\/wp-json\/wp\/v2\/posts\/8003"}],"collection":[{"href":"https:\/\/carfree.fr\/index.php\/wp-json\/wp\/v2\/posts"}],"about":[{"href":"https:\/\/carfree.fr\/index.php\/wp-json\/wp\/v2\/types\/post"}],"author":[{"embeddable":true,"href":"https:\/\/carfree.fr\/index.php\/wp-json\/wp\/v2\/users\/27"}],"replies":[{"embeddable":true,"href":"https:\/\/carfree.fr\/index.php\/wp-json\/wp\/v2\/comments?post=8003"}],"version-history":[{"count":0,"href":"https:\/\/carfree.fr\/index.php\/wp-json\/wp\/v2\/posts\/8003\/revisions"}],"wp:featuredmedia":[{"embeddable":true,"href":"https:\/\/carfree.fr\/index.php\/wp-json\/"}],"wp:attachment":[{"href":"https:\/\/carfree.fr\/index.php\/wp-json\/wp\/v2\/media?parent=8003"}],"wp:term":[{"taxonomy":"category","embeddable":true,"href":"https:\/\/carfree.fr\/index.php\/wp-json\/wp\/v2\/categories?post=8003"},{"taxonomy":"post_tag","embeddable":true,"href":"https:\/\/carfree.fr\/index.php\/wp-json\/wp\/v2\/tags?post=8003"}],"curies":[{"name":"wp","href":"https:\/\/api.w.org\/{rel}","templated":true}]}}