{"id":804,"date":"2008-09-25T08:44:35","date_gmt":"2008-09-25T07:44:35","guid":{"rendered":"http:\/\/carfree.fr\/index.php\/2008\/09\/25\/de-la-disparition-de-sa-propre-espece\/"},"modified":"2021-01-07T16:49:52","modified_gmt":"2021-01-07T15:49:52","slug":"de-la-disparition-de-sa-propre-espece","status":"publish","type":"post","link":"https:\/\/carfree.fr\/index.php\/2008\/09\/25\/de-la-disparition-de-sa-propre-espece\/","title":{"rendered":"De la disparition de sa propre esp\u00e8ce"},"content":{"rendered":"<p>Sa vie en voiture est tellement affligeante qu\u2019il lui faut un d\u00e9cor lointain pour se sentir exister. Ce d\u00e9cor donne le sentiment (comme dans Matrix ou d\u00e9j\u00e0 dans Brazil) de n\u2019\u00eatre qu\u2019une illusion plaqu\u00e9e sur le r\u00e9el afin de l\u2019occulter. Il utilise m\u00eame des esp\u00e8ces animales menac\u00e9es par l\u2019activit\u00e9 industrielle humaine comme justement la voiture. <!--more--><\/p>\n<p>Mais m\u00eame en Afrique, le conducteur ne parvient pas \u00e0 s\u2019extraire de son conditionnement. Ses petits r\u00e9flexes de citadins reprennent le dessus, il faut faire bien attention \u00e0 sa voiture (l\u2019objet f\u00e9tichis\u00e9 marchand), bien plus importante que les \u00e9l\u00e9phants (la vie en voie d\u2019extinction). Il reste \u00e0 l\u2019\u00e9troit dans son univers. L\u00e0 o\u00f9 l\u2019espace est infini, il lui faut encore s\u2019aligner bien droit pour se garer. Son angoisse du d\u00e9sordre et sa pulsion de mort s\u2019opposent \u00e0 la libert\u00e9 et \u00e0 la po\u00e9sie.<\/p>\n<p>Cerise sur le g\u00e2teau : un syst\u00e8me informatique lui sert d\u2019interface avec le monde ext\u00e9rieur. Il n\u2019y a plus \u00e0 faire attention aux autres, \u00e0 s\u2019engager dans le monde, un algorithme enferm\u00e9 dans un boitier \u00e9lectronique s\u2019en charge pour lui. Telles aux manettes d\u2019un jeu vid\u00e9o, il peut demeurer dans son cercueil \u00e0 carapace m\u00e9tallique.<\/p>\n<p>Source: <a href=\"https:\/\/blogantipub.wordpress.com\/\" title=\"http:\/\/blogantipub.wordpress.com\/\" target=\"_blank\">http:\/\/blogantipub.wordpress.com\/ <\/a><\/p>\n","protected":false},"excerpt":{"rendered":"<p>Sa vie en voiture est tellement affligeante qu\u2019il lui faut un d\u00e9cor lointain pour se sentir exister. Ce d\u00e9cor donne le sentiment (comme dans Matrix ou d\u00e9j\u00e0 dans Brazil) de <a class=\"more-link\" href=\"https:\/\/carfree.fr\/index.php\/2008\/09\/25\/de-la-disparition-de-sa-propre-espece\/\">Lire la suite&#8230;<\/a><\/p>\n","protected":false},"author":211,"featured_media":37889,"comment_status":"open","ping_status":"open","sticky":false,"template":"","format":"standard","meta":[],"categories":[52,73],"tags":[284,81,61,86,215,246,396],"views":4114,"_links":{"self":[{"href":"https:\/\/carfree.fr\/index.php\/wp-json\/wp\/v2\/posts\/804"}],"collection":[{"href":"https:\/\/carfree.fr\/index.php\/wp-json\/wp\/v2\/posts"}],"about":[{"href":"https:\/\/carfree.fr\/index.php\/wp-json\/wp\/v2\/types\/post"}],"author":[{"embeddable":true,"href":"https:\/\/carfree.fr\/index.php\/wp-json\/wp\/v2\/users\/211"}],"replies":[{"embeddable":true,"href":"https:\/\/carfree.fr\/index.php\/wp-json\/wp\/v2\/comments?post=804"}],"version-history":[{"count":0,"href":"https:\/\/carfree.fr\/index.php\/wp-json\/wp\/v2\/posts\/804\/revisions"}],"wp:featuredmedia":[{"embeddable":true,"href":"https:\/\/carfree.fr\/index.php\/wp-json\/wp\/v2\/media\/37889"}],"wp:attachment":[{"href":"https:\/\/carfree.fr\/index.php\/wp-json\/wp\/v2\/media?parent=804"}],"wp:term":[{"taxonomy":"category","embeddable":true,"href":"https:\/\/carfree.fr\/index.php\/wp-json\/wp\/v2\/categories?post=804"},{"taxonomy":"post_tag","embeddable":true,"href":"https:\/\/carfree.fr\/index.php\/wp-json\/wp\/v2\/tags?post=804"}],"curies":[{"name":"wp","href":"https:\/\/api.w.org\/{rel}","templated":true}]}}