{"id":81,"date":"2008-03-16T08:37:55","date_gmt":"2008-03-16T07:37:55","guid":{"rendered":"http:\/\/carfree.fr\/index.php\/2008\/03\/16\/le-futur-cauchemardesque-de-lautomobile\/"},"modified":"2021-01-07T16:31:44","modified_gmt":"2021-01-07T15:31:44","slug":"le-futur-cauchemardesque-de-lautomobile","status":"publish","type":"post","link":"https:\/\/carfree.fr\/index.php\/2008\/03\/16\/le-futur-cauchemardesque-de-lautomobile\/","title":{"rendered":"Le Futur cauchemardesque de l&rsquo;automobile"},"content":{"rendered":"<p>Certains pensent que le probl\u00e8me de l&rsquo;automobile n&rsquo;en sera plus un dans quelques ann\u00e9es, lorsque la technologie aura \u00e9volu\u00e9 et que les principaux inconv\u00e9nients de l&rsquo;automobile actuelle ne seront plus qu&rsquo;un mauvais souvenir (pollution, \u00e9nergie, ins\u00e9curit\u00e9, bruit, etc.). <!--more--><\/p>\n<p>Cette \u00ab\u00a0croyance absolue\u00a0\u00bb dans le progr\u00e8s technologique et dans les bienfaits de la science illustre, une fois de plus, que les partisans de l&rsquo;automobile sont rest\u00e9s de grands enfants, qui veulent croire qu&rsquo;on ne leur enl\u00e8vera pas leur jouet, quand bien m\u00eame ce \u00ab\u00a0jouet\u00a0\u00bb est la cause de millions de morts tous les ans sur la plan\u00e8te&#8230; Certains, conscients du fait que l&rsquo;automobile actuelle est une \u00ab\u00a0<a href=\"http:\/\/carfree.fr\/index.php\/2008\/02\/02\/arme-de-destruction-massive\/\">arme de destruction massive<\/a>\u00ab\u00a0, \u00e9laborent m\u00eame de nouveaux jouets, toujours \u00ab\u00a0plus propres\u00a0\u00bb, \u00ab\u00a0plus s\u00fbrs\u00a0\u00bb, plus \u00ab\u00a0adapt\u00e9s \u00e0 la ville\u00a0\u00bb, plus \u00ab\u00a0respectueux de l&rsquo;environnement\u00a0\u00bb, etc.<\/p>\n<p>Les chercheurs de l&rsquo;<a href=\"https:\/\/www.inria.fr\/fr\" target=\"_blank\" rel=\"noopener\">INRIA<\/a> (Institut National de Recherche en Informatique et Automatique), de l&rsquo;INRETS (Institut National de Recherche sur les Transports et leur S\u00e9curit\u00e9), de l&rsquo;<a href=\"https:\/\/www.ecoledesponts.fr\/\" target=\"_blank\" rel=\"noopener\">ENPC<\/a> (Ecole Nationale des Ponts et Chauss\u00e9es) et de tout un ensemble de groupes de recherche internationaux font partie de ces grands enfants. Mais, \u00e0 la diff\u00e9rence d&rsquo;enfants qui jouent dans leur coin sans cons\u00e9quences, ces \u00ab\u00a0sp\u00e9cialistes\u00a0\u00bb sont en train de nous pr\u00e9parer \u00ab\u00a0la ville de demain\u00a0\u00bb et les \u00ab\u00a0r\u00e9seaux de transports du futur\u00a0\u00bb, tout cela bien s\u00fbr \u00e0 base de financements publics fran\u00e7ais et europ\u00e9ens et avec, \u00e9videmment, des \u00ab\u00a0partenariats\u00a0\u00bb avec des constructeurs d&rsquo;automobiles priv\u00e9s dont on conna\u00eet la grande \u00ab\u00a0objectivit\u00e9 scientifique\u00a0\u00bb&#8230; le tout, dans la plus parfaite opacit\u00e9!<br \/>\n<img decoding=\"async\" loading=\"lazy\" class=\"alignnone size-full wp-image-39803\" src=\"http:\/\/carfree.fr\/img\/2008\/03\/lara-map.jpg\" alt=\"\" width=\"210\" height=\"153\" \/><br \/>\n<span style=\"font-size: 78%;\">La \u00ab\u00a0route intelligente\u00a0\u00bb vue par les chercheurs de l&rsquo;INRIA&#8230;<\/span><\/p>\n<p>Cependant, pas de mauvais esprit! Avec le risque de passer pour les \u00e9ternels \u00ab\u00a0r\u00e9fractaires au progr\u00e8s\u00a0\u00bb, nous allons essayer de montrer en quoi, ces projets, qui peuvent \u00eatre int\u00e9ressants sur certains aspects, sont loin de r\u00e9soudre tous les probl\u00e8mes pos\u00e9s par l&rsquo;automobile actuelle et peuvent m\u00eame s&rsquo;av\u00e9rer \u00eatre tr\u00e8s inqui\u00e9tants sur d&rsquo;autres aspects.<\/p>\n<p>Tout d&rsquo;abord, ces projets de \u00ab\u00a0routes automatis\u00e9es\u00a0\u00bb, de \u00ab\u00a0<a href=\"http:\/\/carfree.fr\/index.php\/2007\/12\/19\/la-voiture-intelligente\/\">voitures intelligentes<\/a>\u00a0\u00bb ou autres \u00ab\u00a0voitures sans conducteurs\u00a0\u00bb sont loin d&rsquo;\u00eatre marginaux. Une simple ballade sur le web nous conduit tr\u00e8s vite \u00e0 des sites comme LARA (La Route Automatis\u00e9e), Cybercars (Cybernetic Technologies for the Car in the City), Net Mobil (New Transport System Concepts for Enhanced and Sustainable Personal Urban Mobility), Cybermove (Cybernetic Transportation Systems for the Cities of Tomorrow ), etc.<\/p>\n<p>En gros, de quoi s&rsquo;agit-il? Tous ces projets nous proposent en fait les \u00ab\u00a0voitures de demain\u00a0\u00bb, qui devraient \u00eatre des voitures sans n\u00e9cessit\u00e9 de conducteur (sic!) sur des \u00ab\u00a0routes automatis\u00e9es ou intelligentes\u00a0\u00bb (re-sic!), le tout g\u00e9r\u00e9 par informatique. L&rsquo;objectif n&rsquo;est rien de moins que la disparition de l&rsquo;automobile traditionnelle en ville pour un \u00ab\u00a0<span style=\"font-style: italic;\">transport public individualis\u00e9<\/span>\u00a0\u00bb et la cr\u00e9ation d&rsquo;infrastructures sp\u00e9cifiques d\u00e9di\u00e9es \u00e0 ces v\u00e9hicules pour l&rsquo;interurbain.<\/p>\n<p>En effet, deux types de projets se distinguent assez nettement :<\/p>\n<ul>\n<li>un aspect \u00ab\u00a0v\u00e9hicules urbains de centre-ville\u00a0\u00bb roulant \u00e0 faible vitesse et donc en \u00ab\u00a0harmonie avec les pi\u00e9tons\u00a0\u00bb (10km\/h) &#8211; ce qui peut \u00e9ventuellement \u00eatre int\u00e9ressant dans les zones tr\u00e8s centrales des villes pour des raisons de s\u00e9curit\u00e9 et de pollution,<\/li>\n<li>un aspect plus proche d&rsquo;une vision d\u00e9shumanis\u00e9e \u00e0 la Tarkovsky (dans son film <a title=\"http:\/\/carfree.fr\/index.php\/2005\/07\/02\/solaris\/\" href=\"http:\/\/carfree.fr\/index.php\/2005\/07\/02\/solaris\/\">Solaris<\/a>) avec des voies sp\u00e9cifiques d\u00e9multipli\u00e9es, comme autant de \u00ab\u00a0coupures routi\u00e8res\u00a0\u00bb dans les paysages, avec des autoroutes urbaines \u00e0 plusieurs \u00e9tages comme autant de voies en \u00ab\u00a0site propre\u00a0\u00bb pour des v\u00e9hicules particuliers automatis\u00e9s; en effet, il appara\u00eet assez clairement que \u00ab\u00a0<span style=\"font-style: italic;\">la voiture automatique ne peut vivre en harmonie avec les autres voitures<\/span>\u00ab\u00a0. Les b\u00e9tonneurs du Minist\u00e8re de l&rsquo;Equipement et des groupes priv\u00e9s de construction vont pouvoir se faire une nouvelle sant\u00e9!<\/li>\n<\/ul>\n<p><img decoding=\"async\" loading=\"lazy\" class=\"alignnone size-full wp-image-39805\" src=\"http:\/\/carfree.fr\/img\/2008\/03\/ruf2.jpg\" alt=\"\" width=\"300\" height=\"140\" \/><br \/>\n<span style=\"font-size: 78%;\">RUF: Dual Mode Transport System ou la \u00ab\u00a0ville r\u00e9v\u00e9e\u00a0\u00bb selon CyberCars&#8230;<br \/>\n<\/span><br \/>\n<span style=\"font-weight: bold;\">Toujours plus de consommation d&rsquo;espace<\/span><\/p>\n<p>Les promoteurs de ce type de projets nous parlent \u00e9galement de \u00ab\u00a0<span style=\"font-style: italic;\">transport public individualis\u00e9<\/span>\u00a0\u00bb et, avec une certaine volont\u00e9 objective de d\u00e9sinformation, d\u00e9fendent l&rsquo;id\u00e9e de v\u00e9hicules \u00e0 15.000 euros pour justifier un avantage comparatif par rapport au co\u00fbt tr\u00e8s \u00e9lev\u00e9 des tramways par exemple: \u00ab\u00a0<span style=\"font-style: italic;\">On pourra alors envisager l&rsquo;achat de flottes de plusieurs milliers de voitures pour le prix d&rsquo;un tramway <\/span>\u00ab\u00a0. (Source : Nouvel Obs)<\/p>\n<p>D&rsquo;une part, une ligne de tramway peut transporter jusqu&rsquo;\u00e0 100.000 personnes au moins par jour si elle est bien pens\u00e9e (capacit\u00e9 + fr\u00e9quence). Plusieurs milliers de voitures \u00ab\u00a0intelligentes\u00a0\u00bb ne transporteront \u00ab\u00a0que quelques milliers de personnes\u00a0\u00bb tout au plus!<\/p>\n<p>D&rsquo;autre part, on voit poindre ici la critique essentielle de ce type de projet: la consommation d&rsquo;espace que cela suppose. M\u00eame dans l&rsquo;hypoth\u00e8se (optimiste) o\u00f9 des choix politiques forts imposeraient ce type de v\u00e9hicules sur les infrastructures routi\u00e8res existantes (en lieu et place des voitures actuelles), cela ne r\u00e9sout en rien le probl\u00e8me des villes et des territoires accapar\u00e9s par les r\u00e9seaux de transport. S&rsquo;il faut construire de nouvelles infrastructures (en plus de celles d\u00e9di\u00e9es aux voitures actuelles), alors l\u00e0, on s&rsquo;oriente carr\u00e9ment vers la vision cauchemardesque d\u00e9crite plus haut.<\/p>\n<p>En outre, on peut se demander o\u00f9 tous ces projets ont-ils pr\u00e9vus de faire passer alors les pi\u00e9tons et les v\u00e9los?<\/p>\n<p><img decoding=\"async\" loading=\"lazy\" class=\"alignnone size-full wp-image-39806\" src=\"http:\/\/carfree.fr\/img\/2008\/03\/ruf3.jpg\" alt=\"\" width=\"299\" height=\"141\" \/><br \/>\n<span style=\"font-size: 78%;\">Si si, regardez bien, il y a encore des v\u00e9los en bas \u00e0 gauche et des pi\u00e9tons au fond \u00e0 droite!<\/span><\/p>\n<p><span style=\"font-weight: bold;\">Vers une plus grande s\u00e9gr\u00e9gation sociale et spatiale<\/span><\/p>\n<p>Egalement, il faudra nous expliquer ce qu&rsquo;est vraiment un \u00ab\u00a0<span style=\"font-style: italic;\">transport public individualis\u00e9<\/span>\u00ab\u00a0: en tout cas, ce n&rsquo;est pas un \u00ab\u00a0transport en commun\u00a0\u00bb! Ces projets r\u00e9pondent sans doute \u00e0 une \u00ab\u00a0<span style=\"font-style: italic;\">demande sociale de s\u00e9gr\u00e9gation qui se manifeste spatialement<\/span>\u00a0\u00bb gr\u00e2ce, ou plut\u00f4t \u00e0 cause de l&rsquo;automobile. Tous ces projets risquent d&rsquo;accro\u00eetre encore plus l&rsquo;individualisation de nos soci\u00e9t\u00e9s et s&rsquo;ins\u00e8rent parfaitement dans la logique actuelle : t\u00e9l\u00e9-surveillance, vid\u00e9o-surveillance, contr\u00f4le social, villes et quartiers priv\u00e9s, s\u00e9gr\u00e9gation sociale et spatiale, etc.)<\/p>\n<p><img decoding=\"async\" loading=\"lazy\" class=\"alignnone size-full wp-image-39807\" src=\"http:\/\/carfree.fr\/img\/2008\/03\/voiture_intelligente.jpg\" alt=\"\" width=\"200\" height=\"110\" \/><br \/>\n<span style=\"font-size: 78%;\">Projet netmobil, \u00e7a fait peur!<\/span><\/p>\n<p><span style=\"font-weight: bold;\">Quid de la s\u00e9curit\u00e9?<\/span><\/p>\n<p>Enfin, il semble n\u00e9cessaire de soulever un probl\u00e8me important qui est loin d&rsquo;\u00eatre trivial, la s\u00e9curit\u00e9 informatique de ces syst\u00e8mes. Un cauchemar technique est envisageable, et il est possible de s&rsquo;interroger sur la fiabilit\u00e9 de ces syst\u00e8mes face aux risques de pannes ou m\u00eame de malveillances. La revue Zataz\u00a0(le meilleur titre sur ces questions) avait signal\u00e9 il y a quelques mois qu&rsquo;un hacker britannique avait r\u00e9ussit \u00e0 prendre le contr\u00f4le durant presque une journ\u00e9e de la signalisation d&rsquo;une soci\u00e9t\u00e9 d&rsquo;autoroute. Belle performance, bien qu&rsquo;il manquait d&rsquo;imagination car il se contenta de faire afficher par tous les panneaux de l&rsquo;autoroute \u00ab\u00a0fuck you\u00a0\u00bb. Vous voyez o\u00f9 je veux en venir, quid si des hackers ou des terroristes prennent le contr\u00f4le d&rsquo;un tel syst\u00e8me et \u00ab\u00a0s&rsquo;amusent\u00a0\u00bb \u00e0 provoquer des accidents. Bien pire encore sur ces projets d\u00e9lirants d&rsquo;autoroutes ultra rapides avec v\u00e9hicules rapproch\u00e9s \u00e0 quelques m\u00e8tres&#8230; Une gestion centralis\u00e9e devient alors beaucoup moins efficace sur le plan de la s\u00e9curit\u00e9, car les automobilistes peuvent g\u00e9rer de mani\u00e8re d\u00e9centralis\u00e9e les situations de crise, tandis qu&rsquo;un syst\u00e8me centralis\u00e9 d\u00e9faillant en est totalement incapable!<\/p>\n<p>Vous pensez sans doute que tout ceci n&rsquo;est que science-fiction, projets \u00e0 long terme dont vous ne verrez peut-\u00eatre jamais la r\u00e9alisation. D\u00e9trompez-vous! Voici un projet de route automatis\u00e9e en Ile de France pour 2030, tir\u00e9 du site de l&rsquo;ENPC.<\/p>\n<p><img decoding=\"async\" loading=\"lazy\" class=\"alignnone size-full wp-image-39808\" src=\"http:\/\/carfree.fr\/img\/2008\/03\/route_automatisee.jpg\" alt=\"\" width=\"350\" height=\"174\" \/><br \/>\n<span style=\"font-size: 78%;\">La \u00ab\u00a0route automatis\u00e9e\u00a0\u00bb pr\u00e9vue pour l&rsquo;Ile-de-France&#8230;<\/span><\/p>\n<p>Le \u00ab\u00a0r\u00e9seau rapide nouveau en 2020\u00a0\u00bb est repr\u00e9sent\u00e9 en bleu fonc\u00e9 et la route automatis\u00e9e appara\u00eet en rouge! Voici les conclusions de cette \u00e9tude: \u00ab\u00a0<span style=\"font-style: italic;\">On peut donc, sans grand risque d&rsquo;erreur, avancer que la route automatis\u00e9e est une option \u00e9conomiquement int\u00e9ressante pour la R\u00e9gion Ile-de-France et qu&rsquo;il conviendrait d&rsquo;en analyser un projet plus pr\u00e9cis avec des moyens appropri\u00e9s<\/span>\u00ab\u00a0!!! Appr\u00e9ciez le \u00ab\u00a0<span style=\"font-style: italic;\">sans grand risque d&rsquo;erreur<\/span>\u00ab\u00a0, c&rsquo;est le m\u00eame qui est utilis\u00e9 depuis des d\u00e9cennies pour justifier la construction de nouvelles routes, rapidement congestionn\u00e9es et justifiant&#8230; la cr\u00e9ation de nouvelles routes!<\/p>\n<p>Egalement, il faut savoir que des \u00ab\u00a0\u00e9tudes de faisabilit\u00e9\u00a0\u00bb ont d\u00e9j\u00e0 \u00e9t\u00e9 r\u00e9alis\u00e9es pour les villes d&rsquo;Antibes, Nancy ou Copenhague pour les plus importantes et que les \u00ab\u00a0sites\u00a0\u00bb de Biarritz, Coimbra (Portugal), La Rochelle ou m\u00eame Rome sont d\u00e9j\u00e0 \u00ab\u00a0s\u00e9lectionn\u00e9s\u00a0\u00bb.<\/p>\n<p>Le futur est en marche&#8230; ou plut\u00f4t en voiture! Les projets d&rsquo;<a href=\"http:\/\/carfree.fr\/index.php\/2005\/04\/23\/lautomobile-du-futur\/\">automobile du futur<\/a> ne sont pas plus rassurants. Et si on allait plut\u00f4t faire un tour du c\u00f4t\u00e9 d&rsquo;<a href=\"http:\/\/carfree.fr\/index.php\/2008\/02\/02\/illichville-la-ville-sans-voitures\/\">Illichville<\/a>?<\/p>\n<p><strong>Source<\/strong> : Marcel Robert, <a title=\"Pour en finir avec la soci\u00e9t\u00e9 de l'automobile\" href=\"http:\/\/carfree.fr\/index.php\/2008\/02\/04\/pour-en-finir-avec-la-societe-de-lautomobile\/\">Pour en finir avec la soci\u00e9t\u00e9 de l&rsquo;automobile<\/a>, CarFree Editions<\/p>\n","protected":false},"excerpt":{"rendered":"<p>Certains pensent que le probl\u00e8me de l&rsquo;automobile n&rsquo;en sera plus un dans quelques ann\u00e9es, lorsque la technologie aura \u00e9volu\u00e9 et que les principaux inconv\u00e9nients de l&rsquo;automobile ne seront plus qu&rsquo;un mauvais souvenir. Ces partisans de l&rsquo;automobile sont rest\u00e9s de grands enfants, qui veulent croire qu&rsquo;on ne leur enl\u00e8vera pas leur jouet, ce jouet qui est la cause de millions de morts tous les ans sur la plan\u00e8te[&#8230;] <a class=\"more-link\" href=\"https:\/\/carfree.fr\/index.php\/2008\/03\/16\/le-futur-cauchemardesque-de-lautomobile\/\">Lire la suite&#8230;<\/a><\/p>\n","protected":false},"author":18,"featured_media":36559,"comment_status":"open","ping_status":"open","sticky":false,"template":"","format":"standard","meta":[],"categories":[127,52,73,77],"tags":[1709,446,112,447,110,85,565,99,201,439,342,33,320,178,19,150,95,148],"views":10426,"_links":{"self":[{"href":"https:\/\/carfree.fr\/index.php\/wp-json\/wp\/v2\/posts\/81"}],"collection":[{"href":"https:\/\/carfree.fr\/index.php\/wp-json\/wp\/v2\/posts"}],"about":[{"href":"https:\/\/carfree.fr\/index.php\/wp-json\/wp\/v2\/types\/post"}],"author":[{"embeddable":true,"href":"https:\/\/carfree.fr\/index.php\/wp-json\/wp\/v2\/users\/18"}],"replies":[{"embeddable":true,"href":"https:\/\/carfree.fr\/index.php\/wp-json\/wp\/v2\/comments?post=81"}],"version-history":[{"count":0,"href":"https:\/\/carfree.fr\/index.php\/wp-json\/wp\/v2\/posts\/81\/revisions"}],"wp:featuredmedia":[{"embeddable":true,"href":"https:\/\/carfree.fr\/index.php\/wp-json\/wp\/v2\/media\/36559"}],"wp:attachment":[{"href":"https:\/\/carfree.fr\/index.php\/wp-json\/wp\/v2\/media?parent=81"}],"wp:term":[{"taxonomy":"category","embeddable":true,"href":"https:\/\/carfree.fr\/index.php\/wp-json\/wp\/v2\/categories?post=81"},{"taxonomy":"post_tag","embeddable":true,"href":"https:\/\/carfree.fr\/index.php\/wp-json\/wp\/v2\/tags?post=81"}],"curies":[{"name":"wp","href":"https:\/\/api.w.org\/{rel}","templated":true}]}}