{"id":8185,"date":"2010-05-26T13:16:35","date_gmt":"2010-05-26T12:16:35","guid":{"rendered":"http:\/\/carfree.fr\/?p=8185"},"modified":"2015-10-22T22:18:04","modified_gmt":"2015-10-22T21:18:04","slug":"lheure-de-pointe-aux-pays-bas","status":"publish","type":"post","link":"https:\/\/carfree.fr\/index.php\/2010\/05\/26\/lheure-de-pointe-aux-pays-bas\/","title":{"rendered":"L&rsquo;Heure de pointe aux Pays-Bas"},"content":{"rendered":"<p>Heure de pointe le matin \u00e0 Utrecht, 4\u00e8me plus grande ville des Pays-Bas. Les rues se ressemblent quand 33 % de TOUS les d\u00e9placements sont faits \u00e0 v\u00e9lo ! <!--more--><\/p>\n<p>C&rsquo;est un mercredi matin ordinaire en avril 2010 \u00e0 8h30, 8 minutes compress\u00e9es en 2, donc tout est 4 fois plus rapide qu&rsquo;en r\u00e9alit\u00e9. Le son est original. C&rsquo;est un des carrefours les plus anim\u00e9s dans Utrecht, ville comptant 300.000 habitants. Pas moins de 18.000 bicyclettes et 2.500 bus passent ici chaque jour, parce que le trafic motoris\u00e9 priv\u00e9 est ici limit\u00e9. Ces cyclistes traversent un couloir de bus (aussi utilis\u00e9 par des taxis et des v\u00e9hicules municipaux), deux voies ferr\u00e9es l\u00e9g\u00e8res et ensuite une rue en sens unique qui peut \u00eatre utilis\u00e9e par des v\u00e9hicules priv\u00e9s.<\/p>\n<p><iframe loading=\"lazy\" title=\"YouTube video player\" class=\"youtube-player\" type=\"text\/html\" width=\"420\" height=\"266\" src=\"http:\/\/www.youtube.com\/embed\/n-AbPav5E5M?rel=0\" frameborder=\"0\" allowFullScreen><\/iframe><\/p>\n<p>Derri\u00e8re la cam\u00e9ra on voit un chemin de fer (vous pouvez entendre les sons grin\u00e7ants du passage de trains); la gare de chemin de fer principale est tr\u00e8s pr\u00e8s aussi. Un certain nombre de v\u00e9los de location sont disponible \u00e0 la gare et beaucoup de cyclistes utilisent le train pour terminer leur trajet domicile\/travail.<\/p>\n<p>Pour ceux qui d\u00e9sapprouvent l&rsquo;absence totale de casques de v\u00e9lo dans cette vid\u00e9o, consid\u00e9rez ces d\u00e9couvertes d&rsquo;une \u00e9tude am\u00e9ricaine : \u00ab\u00a0Faire du v\u00e9lo dans les Pays-Bas est beaucoup plus s\u00fbr qu&rsquo;aux USA. Les Pays-Bas ont le taux de blessure le plus bas aussi bien que le taux d&rsquo;accident mortel le plus bas, tandis que les USA ont le taux de blessure le plus haut ainsi que le taux d&rsquo;accident mortel le plus haut. En effet, le taux de blessure pour les USA est environ 30 fois sup\u00e9rieur \u00e0 celui des Pays-Bas.\u00a0\u00bb<\/p>\n<p>De : Pucher, John et Buehler, Ralph (2008) &lsquo; Rendre le cyclisme irr\u00e9sistible : Le\u00e7ons des Pays-Bas, le Danemark et l&rsquo;Allemagne &lsquo;.<\/p>\n<p>Source: <a title=\"http:\/\/respireleperiph.over-blog.com\/\" href=\"http:\/\/respireleperiph.over-blog.com\/\" target=\"_blank\">http:\/\/respireleperiph.over-blog.com\/<\/a><\/p>\n","protected":false},"excerpt":{"rendered":"<p>Heure de pointe le matin \u00e0 Utrecht, 4\u00e8me plus grande ville des Pays-Bas. Les rues se ressemblent quand 33 % de TOUS les d\u00e9placements sont faits \u00e0 v\u00e9lo !<\/p>\n","protected":false},"author":193,"featured_media":36381,"comment_status":"open","ping_status":"open","sticky":false,"template":"","format":"standard","meta":[],"categories":[4,7],"tags":[110,187,646,138,88,220,762,1664,648],"views":7804,"_links":{"self":[{"href":"https:\/\/carfree.fr\/index.php\/wp-json\/wp\/v2\/posts\/8185"}],"collection":[{"href":"https:\/\/carfree.fr\/index.php\/wp-json\/wp\/v2\/posts"}],"about":[{"href":"https:\/\/carfree.fr\/index.php\/wp-json\/wp\/v2\/types\/post"}],"author":[{"embeddable":true,"href":"https:\/\/carfree.fr\/index.php\/wp-json\/wp\/v2\/users\/193"}],"replies":[{"embeddable":true,"href":"https:\/\/carfree.fr\/index.php\/wp-json\/wp\/v2\/comments?post=8185"}],"version-history":[{"count":0,"href":"https:\/\/carfree.fr\/index.php\/wp-json\/wp\/v2\/posts\/8185\/revisions"}],"wp:featuredmedia":[{"embeddable":true,"href":"https:\/\/carfree.fr\/index.php\/wp-json\/wp\/v2\/media\/36381"}],"wp:attachment":[{"href":"https:\/\/carfree.fr\/index.php\/wp-json\/wp\/v2\/media?parent=8185"}],"wp:term":[{"taxonomy":"category","embeddable":true,"href":"https:\/\/carfree.fr\/index.php\/wp-json\/wp\/v2\/categories?post=8185"},{"taxonomy":"post_tag","embeddable":true,"href":"https:\/\/carfree.fr\/index.php\/wp-json\/wp\/v2\/tags?post=8185"}],"curies":[{"name":"wp","href":"https:\/\/api.w.org\/{rel}","templated":true}]}}