{"id":821,"date":"2008-09-29T13:35:24","date_gmt":"2008-09-29T12:35:24","guid":{"rendered":"http:\/\/carfree.fr\/index.php\/2008\/09\/29\/heureux-sans-son-auto\/"},"modified":"2019-05-14T07:33:13","modified_gmt":"2019-05-14T06:33:13","slug":"heureux-sans-son-auto","status":"publish","type":"post","link":"https:\/\/carfree.fr\/index.php\/2008\/09\/29\/heureux-sans-son-auto\/","title":{"rendered":"Heureux sans son auto"},"content":{"rendered":"<p>Je ne suis pas un puriste, et je pense que la meilleure fa\u00e7on d\u2019encourager les gens \u00e0 r\u00e9fl\u00e9chir \u00e0 leurs habitudes de transport n\u2019est pas de les faire sentir coupable mais bien de leur montrer les nombreux avantages. Pour plusieurs personnes qui ont fait le choix, pour diff\u00e9rents raisons, de vivre en banlieue, il est difficile (voire impossible \u00e0 Qu\u00e9bec) de se passer compl\u00e8tement de voiture. <!--more--><\/p>\n<p>La question importante alors, c\u2019est comment puis-je r\u00e9duire mon utilisation de la voiture dans mon contexte, en apprenant \u00e0 faire la diff\u00e9rence entre un besoin et une habitude?<\/p>\n<p>Je crois que plusieurs familles pourraient am\u00e9liorer grandement l\u2019\u00e9tat de leurs finances (et faire leur part pour la qualit\u00e9 de vie ambiante) en se d\u00e9barrassant simplement de la 2e voiture.<\/p>\n<p>\u00c9videmment, tout le monde est pour la vertu mais je ne suis pas un utopiste. Je pense qu\u2019il est pr\u00e9f\u00e9rable d\u2019am\u00e9liorer les choses graduellement que de tenter de tout changer trop vite en visant la perfection (qui est bien subjective\u2026), et de provoquer le braquage de ceux qui sont d\u2019une opinion diff\u00e9rente. Et pour \u00e7a, il est important de montrer les c\u00f4t\u00e9s positifs et pragmatiques du changement!<\/p>\n<p>Source: http:\/\/www.michaelcarpentier.com\/index.php\/tag\/vivre-sans-voiture\/<\/p>\n","protected":false},"excerpt":{"rendered":"<p>Je ne suis pas un puriste, et je pense que la meilleure fa\u00e7on d\u2019encourager les gens \u00e0 r\u00e9fl\u00e9chir \u00e0 leurs habitudes de transport n\u2019est pas de les faire sentir coupable <a class=\"more-link\" href=\"https:\/\/carfree.fr\/index.php\/2008\/09\/29\/heureux-sans-son-auto\/\">Lire la suite&#8230;<\/a><\/p>\n","protected":false},"author":1390,"featured_media":41182,"comment_status":"open","ping_status":"open","sticky":false,"template":"","format":"standard","meta":[],"categories":[70],"tags":[61,210,94],"views":4295,"_links":{"self":[{"href":"https:\/\/carfree.fr\/index.php\/wp-json\/wp\/v2\/posts\/821"}],"collection":[{"href":"https:\/\/carfree.fr\/index.php\/wp-json\/wp\/v2\/posts"}],"about":[{"href":"https:\/\/carfree.fr\/index.php\/wp-json\/wp\/v2\/types\/post"}],"author":[{"embeddable":true,"href":"https:\/\/carfree.fr\/index.php\/wp-json\/wp\/v2\/users\/1390"}],"replies":[{"embeddable":true,"href":"https:\/\/carfree.fr\/index.php\/wp-json\/wp\/v2\/comments?post=821"}],"version-history":[{"count":0,"href":"https:\/\/carfree.fr\/index.php\/wp-json\/wp\/v2\/posts\/821\/revisions"}],"wp:featuredmedia":[{"embeddable":true,"href":"https:\/\/carfree.fr\/index.php\/wp-json\/wp\/v2\/media\/41182"}],"wp:attachment":[{"href":"https:\/\/carfree.fr\/index.php\/wp-json\/wp\/v2\/media?parent=821"}],"wp:term":[{"taxonomy":"category","embeddable":true,"href":"https:\/\/carfree.fr\/index.php\/wp-json\/wp\/v2\/categories?post=821"},{"taxonomy":"post_tag","embeddable":true,"href":"https:\/\/carfree.fr\/index.php\/wp-json\/wp\/v2\/tags?post=821"}],"curies":[{"name":"wp","href":"https:\/\/api.w.org\/{rel}","templated":true}]}}