{"id":8219,"date":"2010-06-01T14:20:11","date_gmt":"2010-06-01T13:20:11","guid":{"rendered":"http:\/\/carfree.fr\/?p=8219"},"modified":"2020-11-19T11:32:34","modified_gmt":"2020-11-19T10:32:34","slug":"pique-nique-international-pour-la-decroissance","status":"publish","type":"post","link":"https:\/\/carfree.fr\/index.php\/2010\/06\/01\/pique-nique-international-pour-la-decroissance\/","title":{"rendered":"Pique-Nique international pour la D\u00e9croissance"},"content":{"rendered":"<p><a href=\"http:\/\/carfree.fr\/images\/picnic-decroissant.jpg\"><img decoding=\"async\" loading=\"lazy\" title=\"picnic-decroissant\" src=\"http:\/\/carfree.fr\/images\/picnic-decroissant.jpg\" alt=\"\" width=\"420\" height=\"200\" \/><\/a><\/p>\n<p>Lors de la 2\u00e8me  conf\u00e9rence internationale universitaire sur la D\u00e9croissance qui a eu lieu en mars dernier \u00e0 Barcelone, avec pas moins de 500 chercheurs,  activistes et citoyens de plus de 50 pays, il a \u00e9t\u00e9 d\u00e9cid\u00e9 d\u2019organiser  un rendez-vous convivial international autour de la D\u00e9croissance. Ainsi aura lieu le 6 juin prochain dans plusieurs dizaines de villes \u00e0  travers le monde le premier pique-nique D\u00e9croissance international\u00a0: Pic Nic for  Degrowth. <!--more--><\/p>\n<p>Outre Bruxelles, Madrid, New-York, Londres, Berlin, Barcelone,  Gen\u00e8ve, Lisbonne, Istanbul, Montr\u00e9al, Milan, Vienne, Stockholm, Buenos  Aires, Vancouver ou encore Helsinki, plusieurs rendez-vous en  France\u00a0sont pr\u00e9vus (Paris, Lyon, Nantes, Limoges, Avignon, Lons le Saunier, Dole, Saverne, etc.).<\/p>\n<p><strong>Vous aussi, organisez un pique-nique D\u00e9croissance pr\u00e8s de  chez-vous !<\/strong><\/p>\n<p>La D\u00e9croissance \/ Degrowth \/ Decrescita \/ Decrecimiento\u2026 est un  mouvement qui prend de plus en plus d\u2019ampleur en France, mais aussi un  peu partout en Europe de l\u2019ouest, du sud et du nord, en Am\u00e9rique du Nord  mais aussi en Am\u00e9rique latine, en Inde\u2026<\/p>\n<p><strong><em>Plus de liens et moins de  biens !<\/em><\/strong><\/p>\n<p>La D\u00e9croissance est avant tout une remise  en question de notre soci\u00e9t\u00e9 de consommation, sans hypoth\u00e9quer nos  acquis d\u00e9mocratiques, sociaux et culturels.<\/p>\n<p>La D\u00e9croissance n\u2019est pas la d\u00e9croissance de tout pour tous, ni un  retour en arri\u00e8re vers un pseudo bonheur perdu, mais bien un virage, une  bifurcation, que nous devons prendre afin de sortir de l\u2019engrenage  destructeur de la soci\u00e9t\u00e9 de croissance. A l\u2019aide de ses meilleurs  outils que sont le capitalisme, le lib\u00e9ralisme, l\u2019ultra-lib\u00e9ralisme et  autres n\u00e9o\u2026 la soci\u00e9t\u00e9 de croissance accumule dramatiquement les crises  environnementales, sociales, \u00e9conomiques, culturelles et politiques.<\/p>\n<p>Devant ce constat, il est urgent de dire \u00e0 tous les citoyens qu\u2019il ne  s\u2019agit pas de choisir entre \u00ab<em> croissance et d\u00e9croissance<\/em> \u00bb  mais bien entre une D\u00e9croissance volontaire et une r\u00e9cession subie.<\/p>\n<p>Les probl\u00e8mes sociaux et environnementaux de notre syst\u00e8me ne pourront  \u00eatre r\u00e9solus ni en ajustant quelques param\u00e8tres, ni par les seules  initiatives personnelles.<\/p>\n<p>Pour une D\u00e9croissance sereine, soutenable, conviviale et tout  simplement humaine.<\/p>\n<p><em><strong>Une croissance infinie dans  un monde fini est une absurdit\u00e9 !<\/strong><\/em><\/p>\n<p><a href=\"http:\/\/www.partipourladecroissance.net\/\" target=\"_blank\"><img decoding=\"async\" loading=\"lazy\" src=\"http:\/\/www.partipourladecroissance.net\/wp-content\/uploads\/2010\/05\/Image-2.png\" alt=\"http:\/\/www.partipourladecroissance.net\/wp-content\/uploads\/2010\/05\/Image-2.png\" width=\"188\" height=\"160\" \/><\/a><\/p>\n","protected":false},"excerpt":{"rendered":"<p>Lors de la 2\u00e8me conf\u00e9rence internationale universitaire sur la D\u00e9croissance qui a eu lieu en mars dernier \u00e0 Barcelone, avec pas moins de 500 chercheurs, activistes et citoyens de plus <a class=\"more-link\" href=\"https:\/\/carfree.fr\/index.php\/2010\/06\/01\/pique-nique-international-pour-la-decroissance\/\">Lire la suite&#8230;<\/a><\/p>\n","protected":false},"author":626,"featured_media":8220,"comment_status":"open","ping_status":"open","sticky":false,"template":"","format":"standard","meta":[],"categories":[72],"tags":[181,62,450,473,527,463,107,16,467,652,100,158,553,542,462,532,106],"views":6286,"_links":{"self":[{"href":"https:\/\/carfree.fr\/index.php\/wp-json\/wp\/v2\/posts\/8219"}],"collection":[{"href":"https:\/\/carfree.fr\/index.php\/wp-json\/wp\/v2\/posts"}],"about":[{"href":"https:\/\/carfree.fr\/index.php\/wp-json\/wp\/v2\/types\/post"}],"author":[{"embeddable":true,"href":"https:\/\/carfree.fr\/index.php\/wp-json\/wp\/v2\/users\/626"}],"replies":[{"embeddable":true,"href":"https:\/\/carfree.fr\/index.php\/wp-json\/wp\/v2\/comments?post=8219"}],"version-history":[{"count":0,"href":"https:\/\/carfree.fr\/index.php\/wp-json\/wp\/v2\/posts\/8219\/revisions"}],"wp:featuredmedia":[{"embeddable":true,"href":"https:\/\/carfree.fr\/index.php\/wp-json\/"}],"wp:attachment":[{"href":"https:\/\/carfree.fr\/index.php\/wp-json\/wp\/v2\/media?parent=8219"}],"wp:term":[{"taxonomy":"category","embeddable":true,"href":"https:\/\/carfree.fr\/index.php\/wp-json\/wp\/v2\/categories?post=8219"},{"taxonomy":"post_tag","embeddable":true,"href":"https:\/\/carfree.fr\/index.php\/wp-json\/wp\/v2\/tags?post=8219"}],"curies":[{"name":"wp","href":"https:\/\/api.w.org\/{rel}","templated":true}]}}