{"id":837,"date":"2008-10-05T08:41:36","date_gmt":"2008-10-05T07:41:36","guid":{"rendered":"http:\/\/carfree.fr\/index.php\/2008\/10\/05\/le-temps-quon-nous-vole\/"},"modified":"2019-02-28T12:09:57","modified_gmt":"2019-02-28T11:09:57","slug":"le-temps-quon-nous-vole","status":"publish","type":"post","link":"https:\/\/carfree.fr\/index.php\/2008\/10\/05\/le-temps-quon-nous-vole\/","title":{"rendered":"Le temps qu&rsquo;on nous vole"},"content":{"rendered":"<p>\u00ab\u00a0Seuls les millionnaires gagnent vraiment du temps en auto. Les autres ne font qu&rsquo;effectuer des transferts entre temps de travail et temps de transport.\u00a0\u00bb <!--more--><\/p>\n<p>\u00ab\u00a0La vitesse g\u00e9n\u00e9ralis\u00e9e d&rsquo;un mode de transport tient compte de la quantit\u00e9 de travail n\u00e9cessaire \u00e0 celui qui s&rsquo;en sert pour acqu\u00e9rir le moyen d&rsquo;\u00eatre transport\u00e9; pour l&rsquo;obtenir, il faut diviser le kilom\u00e9trage annuel effectu\u00e9 par ce mode, par le temps pass\u00e9 en un an dans ce mode de transport et \u00e0 l&rsquo;ext\u00e9rieur, par exemple \u00e0 gagner de quoi le payer; Jean-Pierre Dupuy a calcul\u00e9 que, pour toutes les classes de revenus \u00ab moyennes \u00bb &#8211; de salari\u00e9 agricole \u00e0 cadre sup\u00e9rieur, \u00e0 l&rsquo;exclusion des millionnaires-, la vitesse g\u00e9n\u00e9ralis\u00e9e de la bicyclette est \u00e9gale ou sup\u00e9rieure \u00e0 celle de l&rsquo;automobile ; seuls les tr\u00e8s riches gagnent vraiment du temps en auto. Les autres ne font qu&rsquo;effectuer des transferts entre temps de travail et temps de transport.\u00a0\u00bb<\/p>\n<p>(source JEAN ROBERT, <a href=\"http:\/\/agora.qc.ca\/documents\/temps--le_temps_quon_nous_vole_par_jean_robert\" title=\"http:\/\/agora.qc.ca\/documents\/temps--le_temps_quon_nous_vole_par_jean_robert\" target=\"_blank\">Le temps qu&rsquo;on nous vole<\/a>, Paris, Seuil, 1980, p. 64 &#8211; L&rsquo;encyclop\u00e9die de l&rsquo;Agora)<\/p>\n","protected":false},"excerpt":{"rendered":"<p>Seuls les millionnaires gagnent vraiment du temps en auto. Les autres ne font qu&rsquo;effectuer des transferts entre temps de travail et temps de transport. La vitesse g\u00e9n\u00e9ralis\u00e9e d&rsquo;un mode de transport tient compte de la quantit\u00e9 de travail n\u00e9cessaire \u00e0 celui qui s&rsquo;en sert pour acqu\u00e9rir le moyen d&rsquo;\u00eatre transport\u00e9 [&#8230;] <a class=\"more-link\" href=\"https:\/\/carfree.fr\/index.php\/2008\/10\/05\/le-temps-quon-nous-vole\/\">Lire la suite&#8230;<\/a><\/p>\n","protected":false},"author":1589,"featured_media":32297,"comment_status":"open","ping_status":"open","sticky":false,"template":"","format":"standard","meta":[],"categories":[4,7],"tags":[276,232,1664,144],"views":5620,"_links":{"self":[{"href":"https:\/\/carfree.fr\/index.php\/wp-json\/wp\/v2\/posts\/837"}],"collection":[{"href":"https:\/\/carfree.fr\/index.php\/wp-json\/wp\/v2\/posts"}],"about":[{"href":"https:\/\/carfree.fr\/index.php\/wp-json\/wp\/v2\/types\/post"}],"author":[{"embeddable":true,"href":"https:\/\/carfree.fr\/index.php\/wp-json\/wp\/v2\/users\/1589"}],"replies":[{"embeddable":true,"href":"https:\/\/carfree.fr\/index.php\/wp-json\/wp\/v2\/comments?post=837"}],"version-history":[{"count":0,"href":"https:\/\/carfree.fr\/index.php\/wp-json\/wp\/v2\/posts\/837\/revisions"}],"wp:featuredmedia":[{"embeddable":true,"href":"https:\/\/carfree.fr\/index.php\/wp-json\/wp\/v2\/media\/32297"}],"wp:attachment":[{"href":"https:\/\/carfree.fr\/index.php\/wp-json\/wp\/v2\/media?parent=837"}],"wp:term":[{"taxonomy":"category","embeddable":true,"href":"https:\/\/carfree.fr\/index.php\/wp-json\/wp\/v2\/categories?post=837"},{"taxonomy":"post_tag","embeddable":true,"href":"https:\/\/carfree.fr\/index.php\/wp-json\/wp\/v2\/tags?post=837"}],"curies":[{"name":"wp","href":"https:\/\/api.w.org\/{rel}","templated":true}]}}