{"id":843,"date":"2008-09-25T06:47:11","date_gmt":"2008-09-25T05:47:11","guid":{"rendered":"http:\/\/carfree.fr\/index.php\/2008\/09\/25\/dites-non-a-la-voiture\/"},"modified":"2016-10-06T09:12:54","modified_gmt":"2016-10-06T08:12:54","slug":"dites-non-a-la-voiture","status":"publish","type":"post","link":"https:\/\/carfree.fr\/index.php\/2008\/09\/25\/dites-non-a-la-voiture\/","title":{"rendered":"Dites \u00ab NON\u00a0\u00bb \u00e0 la voiture !"},"content":{"rendered":"<p><strong>Samedi 27 septembre : Dites \u00ab NON \u00bb \u00e0 la voiture !<\/strong><\/p>\n<p>La Semaine de la mobilit\u00e9 s\u2019est termin\u00e9e avec un lourd constat. La politique des transports dans l\u2019agglom\u00e9ration lyonnaise repose toujours autant sur la voiture. Les modes doux (pi\u00e9tons, cyclistes) non polluants peuvent toujours attendre. <!--more--><\/p>\n<p>Outre l\u2019absence d\u2019\u00e9v\u00e9nements marquants durant cette Semaine de la mobilit\u00e9, les \u00e9lus lyonnais ont fait preuve d\u2019une insolence d\u00e9plac\u00e9e en multipliant les annonces favorables au \u00ab\u00a0toujours plus de voitures\u00a0\u00bb :<\/p>\n<p>&#8211;  Inauguration d\u2019un nouveau parking <a title=\"http:\/\/carfree.fr\/index.php\/2008\/09\/14\/on-construit-encore-des-aspirateurs-a-voitures-a-lyon\/\" href=\"http:\/\/carfree.fr\/index.php\/2008\/09\/14\/on-construit-encore-des-aspirateurs-a-voitures-a-lyon\/\">\u00ab\u00a0aspirateur \u00e0 voitures\u00a0\u00bb<\/a> place Lyautey.<\/p>\n<p>&#8211;  Annonce par Thierry Philip, maire du 3e arrondissement, que la Rue Garibaldi ne sera pas r\u00e9am\u00e9nag\u00e9e dans son int\u00e9gralit\u00e9 durant ce mandat, contrairement aux promesses \u00e9lectorales : \u00ab\u00a0On ne pourra pas tout faire durant ce mandat m\u00eame si le projet sur Garibaldi sera act\u00e9 dans son ensemble. On envisage de r\u00e9aliser la portion entre le cours Lafayette et la rue du Dr Bouchut, situ\u00e9e en face du Grand Lyon.\u00a0\u00bb. (Le Progr\u00e8s, mardi 23 septembre 2008). Rappelons que ce r\u00e9am\u00e9nagement \u00e9tait d\u00e9j\u00e0 pr\u00e9vu dans le programme de G\u00e9rard Collomb en 2001&#8230;<\/p>\n<p>&#8211;  Confirmation par G\u00e9rard Collomb du d\u00e9but de la r\u00e9alisation du Tron\u00e7on Ouest du P\u00e9riph\u00e9rique au cours de ce mandat.<\/p>\n<p>&#8211;  Annonce du maintien en l\u2019\u00e9tat du projet de Grand Stade \u00e0 D\u00e9cines, malgr\u00e9 l\u2019avis d\u00e9favorable de la commission d\u2019enqu\u00eate. R\u00e9sultat \u00e0 attendre : 60 000 spectateurs et des dizaines de milliers de voitures, des transports en commun r\u00e9duits sur les autres lignes et de l\u2019argent public d\u00e9pens\u00e9 en infrastructures routi\u00e8res pour un projet priv\u00e9.<\/p>\n<p>Arr\u00eatons l\u2019adoration aveugle de la voiture. Favorisons les modes de d\u00e9placement non-polluants. Osons le code de la rue ! Osons Lyon Zone 30 ! Sortons de l\u2019ent\u00eatement \u00ab\u00a0une voiture pour tous\u00a0\u00bb. Sortons nos v\u00e9los !<\/p>\n<p>Pour d\u00e9noncer les discours creux, l\u2019absence de mesures permettant une r\u00e9elle baisse de la place des transports polluants et le manque d\u2019ambition \u00e9cologique des politiques de d\u00e9placement, les V\u00e9lorutionnaires appellent \u00e0 manifester le 4e samedi de chaque mois \u00e0 Lyon.<\/p>\n<p><strong>Samedi 27 septembre, rendez-vous \u00e0 15h devant l\u2019Op\u00e9ra. <\/strong><\/p>\n<p>Source: <a title=\"http:\/\/velorutionlyon.free.fr\/\" href=\"http:\/\/velorutionlyon.free.fr\/\" target=\"_blank\">http:\/\/velorutionlyon.free.fr\/ <\/a><\/p>\n","protected":false},"excerpt":{"rendered":"<p>Samedi 27 septembre : Dites \u00ab NON \u00bb \u00e0 la voiture ! La Semaine de la mobilit\u00e9 s\u2019est termin\u00e9e avec un lourd constat. La politique des transports dans l\u2019agglom\u00e9ration lyonnaise <a class=\"more-link\" href=\"https:\/\/carfree.fr\/index.php\/2008\/09\/25\/dites-non-a-la-voiture\/\">Lire la suite&#8230;<\/a><\/p>\n","protected":false},"author":168,"featured_media":37869,"comment_status":"open","ping_status":"open","sticky":false,"template":"","format":"standard","meta":[],"categories":[7],"tags":[146,417,158,134,44,123,101,287,215,131,1664,113],"views":4508,"_links":{"self":[{"href":"https:\/\/carfree.fr\/index.php\/wp-json\/wp\/v2\/posts\/843"}],"collection":[{"href":"https:\/\/carfree.fr\/index.php\/wp-json\/wp\/v2\/posts"}],"about":[{"href":"https:\/\/carfree.fr\/index.php\/wp-json\/wp\/v2\/types\/post"}],"author":[{"embeddable":true,"href":"https:\/\/carfree.fr\/index.php\/wp-json\/wp\/v2\/users\/168"}],"replies":[{"embeddable":true,"href":"https:\/\/carfree.fr\/index.php\/wp-json\/wp\/v2\/comments?post=843"}],"version-history":[{"count":0,"href":"https:\/\/carfree.fr\/index.php\/wp-json\/wp\/v2\/posts\/843\/revisions"}],"wp:featuredmedia":[{"embeddable":true,"href":"https:\/\/carfree.fr\/index.php\/wp-json\/wp\/v2\/media\/37869"}],"wp:attachment":[{"href":"https:\/\/carfree.fr\/index.php\/wp-json\/wp\/v2\/media?parent=843"}],"wp:term":[{"taxonomy":"category","embeddable":true,"href":"https:\/\/carfree.fr\/index.php\/wp-json\/wp\/v2\/categories?post=843"},{"taxonomy":"post_tag","embeddable":true,"href":"https:\/\/carfree.fr\/index.php\/wp-json\/wp\/v2\/tags?post=843"}],"curies":[{"name":"wp","href":"https:\/\/api.w.org\/{rel}","templated":true}]}}