{"id":860,"date":"2008-10-10T08:28:09","date_gmt":"2008-10-10T07:28:09","guid":{"rendered":"http:\/\/carfree.fr\/index.php\/2008\/10\/10\/liberez-les-cyclistes-enfermes-dans-les-voitures\/"},"modified":"2016-11-09T09:37:01","modified_gmt":"2016-11-09T08:37:01","slug":"liberez-les-cyclistes-enfermes-dans-les-voitures","status":"publish","type":"post","link":"https:\/\/carfree.fr\/index.php\/2008\/10\/10\/liberez-les-cyclistes-enfermes-dans-les-voitures\/","title":{"rendered":"Lib\u00e9rez les cyclistes enferm\u00e9s dans les voitures"},"content":{"rendered":"<p class=\"chapo\">\u00c0 l\u2019ennui du confort je pr\u00e9f\u00e8re vivre dans un monde de po\u00e9sie et de surprises&#8230; Tous les num\u00e9ros pr\u00e9c\u00e9dents en version imprimable\u00a0: <a class=\"spip_in\" title=\"http:\/\/crep.strasbourg.free.fr\/spip.php?article73\" href=\"http:\/\/crep.strasbourg.free.fr\/spip.php?article73\" target=\"_blank\">L\u2019Adh\u00e9sif, le journal qui vous scotche\u00a0! <!--more--><\/a><\/p>\n<p class=\"spip\">Vous avez le confort de vos si\u00e8ges moelleux et doux\u00a0? Mais pas les odeurs des fleurs et des arbres, odeurs plus intenses \u00e0 la nuit tomb\u00e9e, odeurs diff\u00e9rentes selon les saisons, odeurs de tilleuls, de lilas, de glycines, d\u2019herbe tondue (et parfois des gaz d\u2019\u00e9chappement, mais au moins je ne suis pas enferm\u00e9 dans une bo\u00eete satur\u00e9e de pollution).<\/p>\n<p class=\"spip\">Vous avez l\u2019habitacle renforc\u00e9, les freins ABS, des airbags partout, le GPS\u00a0? Mais pas le plaisir de l\u2019imagination et du jeu, les petits bonheurs du trajet quotidien, quand on essaie de toucher ou m\u00eame d\u2019attraper les feuilles des arbres, comme au man\u00e8ge, quand on les voit qui tombent des arbres \u00e0 l\u2019automne, quand on roule dessus un peu plus tard dans la saison.<\/p>\n<p class=\"spip\">Vous avez une isolation phonique impeccable, pour conduire en toute s\u00e9r\u00e9nit\u00e9, comme dans un cocon\u00a0? Mais pas le bruit de la cha\u00eene le soir dans les rues d\u00e9sertes de la ville endormie et celui des pas sur les trottoirs, le son des pneus glissant sur le macadam. (Comme dirait Pierre Sansot\u00a0: \u00ab\u00a0Existe-t-il plus vrai silence que celui d\u2019une bicyclette cheminant dans la paix du soir\u00a0?\u00a0\u00bb)<\/p>\n<p class=\"spip\">Vous avez l\u2019autoradio digital, avec lecteur CD option MP3, sept haut-parleurs multi-directionnels, bref le top du design sonore\u00a0? Mais pas le chant des oiseaux et les bruits de la ville, les paroles, les cris, les rires.<\/p>\n<p class=\"spip\">Vous avez la fermeture centralis\u00e9e des portes et l\u2019impression d\u2019\u00eatre tranquille, invisible dans votre voiture dont les vitres fum\u00e9es vous isole de l\u2019ext\u00e9rieur\u00a0? Mais pas la sensation de faire partie du monde, de s\u2019y confronter, avec ce que \u00e7a suppose de bonnes surprises, comme le plaisir de sourire \u00e0 un pi\u00e9ton, un cycliste, de leur parler m\u00eame.<\/p>\n<p class=\"spip\">Vous avez la propret\u00e9, la moquette aspir\u00e9e, les housses de fauteuil et le parapluie au cas o\u00f9\u00a0? Mais pas la boue pendant l\u2019hiver enneig\u00e9, la pluie et les flaques d\u2019eau pendant l\u2019automne (pas si souvent au demeurant), la sueur pendant l\u2019\u00e9t\u00e9\u00a0: tout ce qui nous pose dans notre environnement, ce qui nous le fait ressentir intens\u00e9ment.<\/p>\n<p class=\"spip\">Vous avez le klaxon\u00a0? Mais pas la sonnette et l\u2019\u00e9tat d\u2019esprit jovial qui va avec.<\/p>\n<p class=\"spip\">Vous avez le chauffage et la clim\u00a0? Mais pas le vent, dur ou doux, qui fait rager ou jubiler, et les sensations qu\u2019il \u00e9veille, comme le plaisir de ressentir les saisons. (Pas besoin de partir au ski pour conna\u00eetre des sensations fortes chaque hiver\u00a0: une piste cyclable enneig\u00e9e et en pente, les doigts sur les freins, les pieds pr\u00eats \u00e0 quitter les p\u00e9dales, et c\u2019est parti\u00a0!)<\/p>\n<p class=\"spip\">Vous avez la satisfaction de ne pas avoir \u00e0 faire d\u2019effort, juste appuyer mollement sur trois p\u00e9dales et bouger un peu les bras, presque sans y penser\u00a0? Mais pas le plaisir d\u2019appuyer \u00e0 fond sur les deux p\u00e9dales, de forcer l\u2019allure (de col\u00e8re, de bonheur ou d\u2019impatience) sur une piste cyclable le long d\u2019un canal, jusqu\u2019\u00e0 l\u2019essoufflement.<\/p>\n<p class=\"spip\">Vous avez les routes larges et s\u00e9curis\u00e9es (et aussi les embouteillages)\u00a0? Mais pas la possibilit\u00e9 d\u2019aller o\u00f9 vous voulez, de traverser un parc, de zigzaguer entre les voitures, de prendre des chemins dans les bois. (En voiture, on est coinc\u00e9 par la ceinture de s\u00e9curit\u00e9, enferm\u00e9 derri\u00e8re des porti\u00e8res et cantonn\u00e9 \u00e0 une route dont on ne peut sortir que quand on nous en donne l\u2019autorisation\u00a0: le symbole de la libert\u00e9\u00a0? Avec les pistes cyclables, le risque existe aujourd\u2019hui aussi pour les v\u00e9los de se retrouver cantonn\u00e9s \u00e0 des espaces d\u00e9finis, alors que son essence est de traverser les fronti\u00e8res&#8230;)<\/p>\n<p class=\"spip\">Vous avez un pare-brise, les essuie-glaces avant et arri\u00e8re, le d\u00e9sembuage, les r\u00e9troviseurs r\u00e9glables \u00e9lectroniquement (bref une multitude d\u2019oeill\u00e8res)\u00a0? Mais pas la simple libert\u00e9 de lever les yeux, de regarder le ciel, les nuages, le haut des immeubles ou la cime des arbres.<\/p>\n<p class=\"spip\">Vous avez la puissance (et la lourdeur)\u00a0? Mais pas la l\u00e9g\u00e8ret\u00e9 (et la fragilit\u00e9).<\/p>\n<p class=\"spip\">Quand vous vous contentez de traverser la ville, d\u2019aller d\u2019un point \u00e0 un autre en consid\u00e9rant votre parcours comme du temps perdu, en vous d\u00e9tachant le plus possible de votre environnement, nous, sans m\u00eame en \u00eatre forc\u00e9ment conscients, nous faisons de notre trajet un moment particulier. Nous donnons aux rues et aux quartiers travers\u00e9s une \u00e2me, quelque chose qui ressemble \u00e0 du vivant. Nous n\u2019admirons pas le paysage, nous le faisons. Quand vous entrez dans votre v\u00e9hicule et refermez la porti\u00e8re, vous faites corps avec votre voiture, elle devient comme un habit, une armure. Quand nous enfourchons notre v\u00e9lo, nous ne disparaissons pas, nous restons nous-m\u00eames et, plus encore qu\u2019un pi\u00e9ton, nous devenons corps, muscle, mouvement, sensation.<\/p>\n<p class=\"spip\">Je crois que c\u2019est au moins pour toutes ces raisons que j\u2019ai fait le choix de rouler \u00e0 v\u00e9lo en ville (et je me retiens de parler ici de la pollution, de la place excessive prise par une voiture et du vacarme des moteurs). Il me semble que l\u2019on peut vivre de plusieurs mani\u00e8res\u00a0: chercher \u00e0 se mettre le plus \u00e0 l\u2019abri possible, le plus \u00e0 l\u2019\u00e9cart de l\u2019impr\u00e9vu per\u00e7u comme d\u00e9sagr\u00e9able\u00a0; ou bien s\u2019ouvrir \u00e0 l\u2019inattendu et \u00e0 l\u2019imperfection.<\/p>\n<p class=\"spip\">Alors pourquoi les automobilistes urbains ne sortiraient-ils pas de leur cage automobile comme ils se d\u00e9gageraient de leurs certitudes, pourquoi ne r\u00e9apprendraient-ils pas \u00e0 vivre, \u00e0 ressentir le monde, \u00e0 respirer, \u00e0 lever les yeux et regarder les autres\u00a0? On peut toujours r\u00eaver, non\u00a0?<\/p>\n<p class=\"spip\"><em class=\"spip\">Nicolas &amp; Benjamin<\/em><\/p>\n<p class=\"ps\">Retrouvez cet Adh\u00e9sif en version imprimable, avec les images et tout et tout, ainsi que tous les autres num\u00e9ros\u00a0: <a class=\"spip_in\" title=\"http:\/\/crep.strasbourg.free.fr\/spip.php?article73\" href=\"http:\/\/crep.strasbourg.free.fr\/spip.php?article73\" target=\"_blank\">L\u2019Adh\u00e9sif, le journal qui vous scotche\u00a0!<\/a><\/p>\n<p class=\"ps\">\n<p class=\"ps\">Source: <a title=\"http:\/\/crep.strasbourg.free.fr\/\" href=\"http:\/\/crep.strasbourg.free.fr\/\" target=\"_blank\">http:\/\/crep.strasbourg.free.fr\/<\/a><\/p>\n<p><img decoding=\"async\" loading=\"lazy\" src=\"http:\/\/carfree.fr\/img\/2015\/10\/adhesif-crep.jpg\" width=\"269\" height=\"178\" class=\"alignnone\" \/><\/p>\n","protected":false},"excerpt":{"rendered":"<p>Alors pourquoi les automobilistes urbains ne sortiraient-ils pas de leur cage automobile comme ils se d\u00e9gageraient de leurs certitudes, pourquoi ne r\u00e9apprendraient-ils pas \u00e0 vivre, \u00e0 ressentir le monde, \u00e0 respirer, \u00e0 lever les yeux et regarder les autres ? On peut toujours r\u00eaver, non ? [&#8230;] <a class=\"more-link\" href=\"https:\/\/carfree.fr\/index.php\/2008\/10\/10\/liberez-les-cyclistes-enfermes-dans-les-voitures\/\">Lire la suite&#8230;<\/a><\/p>\n","protected":false},"author":481,"featured_media":38108,"comment_status":"open","ping_status":"open","sticky":false,"template":"","format":"standard","meta":[],"categories":[7],"tags":[130,308,231,347,33,90,226,133,38,1664,34],"views":5063,"_links":{"self":[{"href":"https:\/\/carfree.fr\/index.php\/wp-json\/wp\/v2\/posts\/860"}],"collection":[{"href":"https:\/\/carfree.fr\/index.php\/wp-json\/wp\/v2\/posts"}],"about":[{"href":"https:\/\/carfree.fr\/index.php\/wp-json\/wp\/v2\/types\/post"}],"author":[{"embeddable":true,"href":"https:\/\/carfree.fr\/index.php\/wp-json\/wp\/v2\/users\/481"}],"replies":[{"embeddable":true,"href":"https:\/\/carfree.fr\/index.php\/wp-json\/wp\/v2\/comments?post=860"}],"version-history":[{"count":0,"href":"https:\/\/carfree.fr\/index.php\/wp-json\/wp\/v2\/posts\/860\/revisions"}],"wp:featuredmedia":[{"embeddable":true,"href":"https:\/\/carfree.fr\/index.php\/wp-json\/wp\/v2\/media\/38108"}],"wp:attachment":[{"href":"https:\/\/carfree.fr\/index.php\/wp-json\/wp\/v2\/media?parent=860"}],"wp:term":[{"taxonomy":"category","embeddable":true,"href":"https:\/\/carfree.fr\/index.php\/wp-json\/wp\/v2\/categories?post=860"},{"taxonomy":"post_tag","embeddable":true,"href":"https:\/\/carfree.fr\/index.php\/wp-json\/wp\/v2\/tags?post=860"}],"curies":[{"name":"wp","href":"https:\/\/api.w.org\/{rel}","templated":true}]}}