{"id":8728,"date":"2010-06-30T13:34:39","date_gmt":"2010-06-30T12:34:39","guid":{"rendered":"http:\/\/carfree.fr\/?p=8728"},"modified":"2025-03-04T21:41:36","modified_gmt":"2025-03-04T20:41:36","slug":"la-vie-sans-voiture-les-enfants-a-velo","status":"publish","type":"post","link":"https:\/\/carfree.fr\/index.php\/2010\/06\/30\/la-vie-sans-voiture-les-enfants-a-velo\/","title":{"rendered":"La vie sans voiture : les enfants \u00e0 v\u00e9lo"},"content":{"rendered":"<p>Comment allons-nous faire pour survivre dans un monde sans p\u00e9trole et sans voitures? En fait, nous allons tout simplement commencer \u00e0 vivre, en utilisant le v\u00e9lo. Revue de d\u00e9tail des possibilit\u00e9s offertes par la <a href=\"http:\/\/carfree.fr\/index.php\/2013\/12\/21\/velogistique\/\" title=\"http:\/\/carfree.fr\/index.php\/2013\/12\/21\/velogistique\/\">v\u00e9logistique<\/a>, que ce soit pour le transport des enfants, le transport de charges lourdes et\/ou encombrantes, ou pour d\u00e9m\u00e9nager tout simplement&#8230; Premi\u00e8re partie: les enfants \u00e0 v\u00e9lo. <!--more--><\/p>\n<p><strong>Les enfants \u00e0 v\u00e9lo<\/strong><\/p>\n<p>Pour transporter les enfants \u00e0 v\u00e9lo, toutes les solutions sont imaginables, pour un, deux, trois&#8230; ou neuf enfants! A l&rsquo;avant, \u00e0 l&rsquo;arri\u00e8re, en tandem, en remorque, en cargo, en side-car, le transport des enfants \u00e0 v\u00e9lo ne pose pas de r\u00e9els probl\u00e8mes. Voici quelques exemples de solutions permettant d&#8217;emmener ses enfants sur son v\u00e9lo, de la plus simple \u00e0 la plus \u00e9labor\u00e9e&#8230;<\/p>\n<p><img decoding=\"async\" loading=\"lazy\" src=\"http:\/\/carfree.fr\/images\/one-less-car-1.jpg\" alt=\"one-less-car-1\" width=\"420\" height=\"279\" \/><\/p>\n<p>Tout d&rsquo;abord le si\u00e8ge enfant qui a fait ses preuves depuis longtemps. Les meilleurs mod\u00e8les proviennent des pays du nord. Sur la photo, on constate en outre le tee-shirt \u00ab\u00a0<a title=\"http:\/\/carfree.fr\/index.php\/2010\/03\/30\/one-less-car\/\" href=\"http:\/\/carfree.fr\/index.php\/2010\/03\/30\/one-less-car\/\" target=\"_blank\" rel=\"noopener\">One less car<\/a>\u00a0\u00bb (Une voiture de moins)&#8230;<\/p>\n<p><img decoding=\"async\" loading=\"lazy\" src=\"http:\/\/carfree.fr\/images\/velo-siege-enfant.jpg\" alt=\"velo-siege-enfant\" width=\"384\" height=\"290\" \/><\/p>\n<p>Encore un si\u00e8ge enfant, mais avec un porte-bagage plut\u00f4t solide pour transporter le reste.<\/p>\n<p><img decoding=\"async\" loading=\"lazy\" src=\"http:\/\/carfree.fr\/images\/velo-deux-sieges-enfants.jpg\" alt=\"velo-deux-sieges-enfants\" width=\"420\" height=\"262\" \/><\/p>\n<p>Si vous \u00eates un adepte du si\u00e8ge enfant, on peut aussi doubler la capacit\u00e9&#8230;<\/p>\n<p><img decoding=\"async\" loading=\"lazy\" src=\"http:\/\/carfree.fr\/images\/kid-trailer.jpg\" alt=\"kid-trailer\" width=\"400\" height=\"300\" \/><\/p>\n<p>Pour le transport des b\u00e9b\u00e9s ou enfants en bas \u00e2ge, on voit de plus en plus de remorques de ce type en France, \u00ab\u00a0kid trailer\u00a0\u00bb ou remorque enfants.<\/p>\n<p><img decoding=\"async\" loading=\"lazy\" src=\"http:\/\/carfree.fr\/images\/velo-poussette.jpg\" alt=\"velo-poussette\" width=\"420\" height=\"317\" \/><\/p>\n<p>Plus r\u00e9cent, il existe aussi le v\u00e9lo-poussette, v\u00e9lo pour transporter un b\u00e9b\u00e9 \u00e0 l&rsquo;avant et qui peut se transformer en poussette, pratique quand on gare son v\u00e9lo et qu&rsquo;on veut continuer \u00e0 pied.<\/p>\n<p><img decoding=\"async\" loading=\"lazy\" src=\"http:\/\/carfree.fr\/images\/transport-enfants.jpg\" alt=\"transport-enfants\" width=\"368\" height=\"262\" \/><\/p>\n<p>Ensuite, on passe \u00e0 la solution de transport \u00e0 l&rsquo;avant, pratique pour deux enfants.<\/p>\n<p><img decoding=\"async\" loading=\"lazy\" src=\"http:\/\/carfree.fr\/images\/velo-cargo-enfants.jpg\" alt=\"velo-cargo-enfants\" width=\"392\" height=\"292\" \/><\/p>\n<p>Le classique ind\u00e9modable (du moins au Danemark), le v\u00e9lo cargo de type Christiana, un triporteur permettant de transporter plusieurs enfants.<\/p>\n<p><img decoding=\"async\" loading=\"lazy\" src=\"http:\/\/carfree.fr\/images\/velo-enfants-avant.jpg\" alt=\"velo-enfants-avant\" width=\"392\" height=\"265\" \/><\/p>\n<p>Sinon, les enfants, vous les pr\u00e9f\u00e9rez \u00e0 l&rsquo;avant?<\/p>\n<p><img decoding=\"async\" loading=\"lazy\" src=\"http:\/\/carfree.fr\/images\/velo-enfants-porte-bagage.jpg\" alt=\"velo-enfants-porte-bagage\" width=\"387\" height=\"310\" \/><\/p>\n<p>Ou \u00e0 l&rsquo;arri\u00e8re?<\/p>\n<p><img decoding=\"async\" loading=\"lazy\" src=\"http:\/\/carfree.fr\/images\/tandem-velo-enfants.jpg\" alt=\"tandem-velo-enfants\" width=\"420\" height=\"280\" \/><\/p>\n<p>Ceci dit, pas de probl\u00e8mes si vous pr\u00e9f\u00e9rez les solutions interm\u00e9diaires&#8230;<\/p>\n<p><img decoding=\"async\" loading=\"lazy\" src=\"http:\/\/carfree.fr\/images\/madsen.jpg\" alt=\"madsen\" width=\"420\" height=\"308\" \/><\/p>\n<p>Ou des solutions de transport un peu sp\u00e9ciales&#8230;<\/p>\n<p><img decoding=\"async\" loading=\"lazy\" src=\"http:\/\/carfree.fr\/images\/velo-side-car.jpg\" alt=\"velo-side-car\" width=\"400\" height=\"320\" \/><\/p>\n<p>Il existe aussi la version v\u00e9lo side-car, qui permet apparemment de transporter jusqu&rsquo;\u00e0 3 enfants.<\/p>\n<p><img decoding=\"async\" loading=\"lazy\" src=\"http:\/\/carfree.fr\/images\/velo-a-trois.jpg\" alt=\"velo-a-trois\" width=\"420\" height=\"262\" \/><\/p>\n<p>Et quand les enfants sont un peu plus grands, on peut commencer \u00e0 envisager le tandem, ici dans une version adapt\u00e9e avec remorque pour un deuxi\u00e8me enfant.<\/p>\n<p><img decoding=\"async\" loading=\"lazy\" src=\"http:\/\/carfree.fr\/images\/tandem-et-siege-enfant.jpg\" alt=\"tandem-et-siege-enfant\" width=\"420\" height=\"313\" \/><\/p>\n<p>Ou la version tandem v\u00e9lo et si\u00e8ge enfants&#8230;<\/p>\n<p><img decoding=\"async\" src=\"http:\/\/carfree.fr\/images\/velo-9places.jpg\" alt=\"velo-9places\" \/><\/p>\n<p>Certains diront sans doute: et comment je fais avec ma famille nombreuse? R\u00e9ponse: je me d\u00e9place en v\u00e9lo 10 places pour transporter toute la petite famille!<\/p>\n<p>Et la s\u00e9curit\u00e9 des enfants dans tout \u00e7a? La r\u00e9ponse est simple, dans un monde sans p\u00e9trole et sans voitures, il n&rsquo;y aura plus de probl\u00e8mes de s\u00e9curit\u00e9! En attendant, ce sont bien les voitures qui mettent en danger la vie des enfants, pas les v\u00e9los! Et si on n&rsquo;attendait pas la fin du p\u00e9trole pour en finir avec l&rsquo;automobile?<\/p>\n<p>Source: <a title=\"http:\/\/carfree.fr\/index.php\/2013\/12\/21\/velogistique\/\" href=\"http:\/\/carfree.fr\/index.php\/2013\/12\/21\/velogistique\/\" target=\"_blank\" rel=\"noopener\">v\u00e9logistique<\/a><\/p>\n","protected":false},"excerpt":{"rendered":"<p>Comment allons-nous faire pour survivre dans un monde sans p\u00e9trole et sans voitures? En fait, nous allons tout simplement commencer \u00e0 vivre, en utilisant le v\u00e9lo. Revue de d\u00e9tail des <a class=\"more-link\" href=\"https:\/\/carfree.fr\/index.php\/2010\/06\/30\/la-vie-sans-voiture-les-enfants-a-velo\/\">Lire la suite&#8230;<\/a><\/p>\n","protected":false},"author":1721,"featured_media":36372,"comment_status":"open","ping_status":"open","sticky":false,"template":"","format":"standard","meta":[],"categories":[4,73,6,72,7,70],"tags":[1709,62,1498,646,346,588,1663,704,757,151,753,808,1664,1065,1587,25,809],"views":74852,"_links":{"self":[{"href":"https:\/\/carfree.fr\/index.php\/wp-json\/wp\/v2\/posts\/8728"}],"collection":[{"href":"https:\/\/carfree.fr\/index.php\/wp-json\/wp\/v2\/posts"}],"about":[{"href":"https:\/\/carfree.fr\/index.php\/wp-json\/wp\/v2\/types\/post"}],"author":[{"embeddable":true,"href":"https:\/\/carfree.fr\/index.php\/wp-json\/wp\/v2\/users\/1721"}],"replies":[{"embeddable":true,"href":"https:\/\/carfree.fr\/index.php\/wp-json\/wp\/v2\/comments?post=8728"}],"version-history":[{"count":0,"href":"https:\/\/carfree.fr\/index.php\/wp-json\/wp\/v2\/posts\/8728\/revisions"}],"wp:featuredmedia":[{"embeddable":true,"href":"https:\/\/carfree.fr\/index.php\/wp-json\/wp\/v2\/media\/36372"}],"wp:attachment":[{"href":"https:\/\/carfree.fr\/index.php\/wp-json\/wp\/v2\/media?parent=8728"}],"wp:term":[{"taxonomy":"category","embeddable":true,"href":"https:\/\/carfree.fr\/index.php\/wp-json\/wp\/v2\/categories?post=8728"},{"taxonomy":"post_tag","embeddable":true,"href":"https:\/\/carfree.fr\/index.php\/wp-json\/wp\/v2\/tags?post=8728"}],"curies":[{"name":"wp","href":"https:\/\/api.w.org\/{rel}","templated":true}]}}