{"id":8810,"date":"2010-07-05T14:05:24","date_gmt":"2010-07-05T13:05:24","guid":{"rendered":"http:\/\/carfree.fr\/?p=8810"},"modified":"2025-03-04T21:40:34","modified_gmt":"2025-03-04T20:40:34","slug":"la-vie-sans-voiture-le-velo-pour-demenager","status":"publish","type":"post","link":"https:\/\/carfree.fr\/index.php\/2010\/07\/05\/la-vie-sans-voiture-le-velo-pour-demenager\/","title":{"rendered":"La vie sans voiture : le v\u00e9lo pour d\u00e9m\u00e9nager"},"content":{"rendered":"<p>Comment allons-nous faire pour survivre dans un monde sans p\u00e9trole et sans voitures? En fait, nous allons tout simplement commencer \u00e0 vivre, en utilisant le v\u00e9lo. Revue de d\u00e9tail des possibilit\u00e9s offertes par la <a title=\"http:\/\/carfree.fr\/index.php\/2013\/12\/21\/velogistique\/\" href=\"http:\/\/carfree.fr\/index.php\/2013\/12\/21\/velogistique\/\">v\u00e9logistique<\/a>, que ce soit pour le transport des enfants, le transport de charges lourdes et\/ou encombrantes, ou pour d\u00e9m\u00e9nager tout simplement\u2026 Cinqui\u00e8me et derni\u00e8re partie : le v\u00e9lo pour d\u00e9m\u00e9nager&#8230; <!--more--><\/p>\n<p><strong>Le v\u00e9lo pour d\u00e9m\u00e9nager<\/strong><\/p>\n<p>D\u00e9m\u00e9nager sans voiture, ni camion ? Ben voyons, on ne va quand m\u00eame pas transporter des meubles et des cartons \u00e0 v\u00e9lo ? Et bien, si, c\u2019est possible\u2026 Certains le font, des particuliers d\u00e9m\u00e9nagent leur appartement \u00e0 v\u00e9lo et des entreprises commencent \u00e0 s&rsquo;installer sur le cr\u00e9neau porteur du d\u00e9m\u00e9nagement \u00e0 v\u00e9lo, sans voitures et sans camions.<\/p>\n<p><img decoding=\"async\" loading=\"lazy\" src=\"http:\/\/carfree.fr\/img\/2010\/07\/avant.depart_copie.jpg\" alt=\"\" width=\"591\" height=\"378\" class=\"alignnone size-full wp-image-39732\" \/><\/p>\n<p>En mai 2007, une douzaine d\u2019amis, membres de la V\u00e9lorution lyonnaise, se sont retrouv\u00e9s pour d\u00e9m\u00e9nager tout un appart \u00e0 l\u2019autre bout de la ville. <a title=\"http:\/\/carfree.fr\/index.php\/2007\/11\/15\/a-velo-ca-demenage\/\" href=\"http:\/\/carfree.fr\/index.php\/2007\/11\/15\/a-velo-ca-demenage\/\" target=\"_blank\" rel=\"noopener\">A v\u00e9lo, \u00e7a d\u00e9m\u00e9nage<\/a>&#8230;<\/p>\n<p><img decoding=\"async\" loading=\"lazy\" src=\"http:\/\/carfree.fr\/images\/Bike-Trailer-Moves-House.jpg\" alt=\"Bike-Trailer-Moves-House.jpg\" width=\"420\" height=\"285\" \/><\/p>\n<p>A l&rsquo;\u00e9tranger, on trouve aussi pas mal d&rsquo;exp\u00e9riences de d\u00e9m\u00e9nagements \u00e0 v\u00e9lo. Ici, une \u00e9tag\u00e8re, une guitare, un sommier, etc.<\/p>\n<p><img decoding=\"async\" loading=\"lazy\" src=\"http:\/\/carfree.fr\/images\/transport-frigo-a-velo.jpg\" alt=\"transport-frigo-a-velo\" width=\"420\" height=\"188\" \/><\/p>\n<p>Un autre d\u00e9m\u00e9nagement avec l&rsquo;in\u00e9vitable frigo \u00e0 transporter&#8230;<\/p>\n<p><img decoding=\"async\" loading=\"lazy\" src=\"http:\/\/carfree.fr\/images\/velo-demenagement-1.jpg\" alt=\"velo-demenagement-1\" width=\"385\" height=\"286\" \/><\/p>\n<p><img decoding=\"async\" loading=\"lazy\" src=\"http:\/\/carfree.fr\/images\/velo-demenagement-2.jpg\" alt=\"velo-demenagement-2\" width=\"394\" height=\"269\" \/><\/p>\n<p>Les deux photos pr\u00e9c\u00e9dentes concernent un seul et m\u00eame d\u00e9m\u00e9nagement \u00e0 v\u00e9lo: planche \u00e0 repasser, chaises, cartons, \u00e9tag\u00e8res, tableaux, etc.<\/p>\n<p><img decoding=\"async\" loading=\"lazy\" src=\"http:\/\/carfree.fr\/images\/bikemove.jpg\" alt=\"bikemove\" width=\"410\" height=\"277\" \/><\/p>\n<p>Sur cette photo, on a affaire \u00e0 un d\u00e9m\u00e9nagement \u00e0 v\u00e9lo en groupe \u00e0 Portland (USA), le canap\u00e9 participe aussi au d\u00e9m\u00e9nagement&#8230; Ci-dessous, le transport de la table \u00e0 v\u00e9lo.<\/p>\n<p><img decoding=\"async\" loading=\"lazy\" src=\"http:\/\/carfree.fr\/images\/bike_move_workbench.jpg\" alt=\"bike_move_workbench\" width=\"400\" height=\"300\" \/><\/p>\n<p>Bon, l\u00e0, j&rsquo;avoue que \u00e7a devient un peu compliqu\u00e9, surtout si on d\u00e9m\u00e9nage les copains avec!<\/p>\n<p><img decoding=\"async\" loading=\"lazy\" src=\"http:\/\/carfree.fr\/images\/vicphotoofrgbonsofa2003.jpg\" alt=\"vicphotoofrgbonsofa2003\" width=\"400\" height=\"300\" \/><\/p>\n<p><strong>Les d\u00e9m\u00e9nageurs \u00e0 v\u00e9lo professionnels<\/strong><\/p>\n<p><img decoding=\"async\" loading=\"lazy\" src=\"http:\/\/carfree.fr\/images\/demenagement-velo-meubles.jpg\" alt=\"demenagement-velo-meubles\" width=\"420\" height=\"200\" \/><\/p>\n<p>Face \u00e0 l&rsquo;\u00e9vidence du v\u00e9lo comme mode de d\u00e9placement adapt\u00e9 pour le transport de meubles et d&rsquo;affaires de toutes sortes, certains ont m\u00eame eu l&rsquo;id\u00e9e d&rsquo;en faire une activit\u00e9 \u00e0 part enti\u00e8re et ont cr\u00e9\u00e9 une <a title=\"http:\/\/carfree.fr\/index.php\/2009\/11\/02\/demenagements-a-velo\/\" href=\"http:\/\/carfree.fr\/index.php\/2009\/11\/02\/demenagements-a-velo\/\" target=\"_blank\" rel=\"noopener\">entreprise de d\u00e9m\u00e9nagement \u00e0 v\u00e9lo<\/a>&#8230;<\/p>\n<p><img decoding=\"async\" loading=\"lazy\" src=\"http:\/\/carfree.fr\/images\/demenagement-velo-set-chambre.jpg\" alt=\"demenagement-velo-set-chambre\" width=\"420\" height=\"263\" \/><\/p>\n<p>Sur la photo pr\u00e9c\u00e9dente, on les voit en pleine action en train de d\u00e9m\u00e9nager une chambre compl\u00e8te (lit, sommier, matelas, affaires, etc.). Chaque plate-forme permet de transporter jusqu&rsquo;\u00e0 150 kg d&rsquo;affaires&#8230; Selon eux, tout est d\u00e9m\u00e9nageable \u00e0 v\u00e9lo, sauf les pianos!<\/p>\n<p>Un d\u00e9m\u00e9nagement sans moteur, c\u2019est bon pour la qualit\u00e9 de l\u2019air, le climat, le porte-monnaie, la bonne humeur et les relations de voisinage. Impossible d\u2019arriver incognito dans son nouveau quartier!<\/p>\n<p>Source: <a title=\"http:\/\/carfree.fr\/index.php\/2013\/12\/21\/velogistique\/\" href=\"http:\/\/carfree.fr\/index.php\/2013\/12\/21\/velogistique\/\" target=\"_blank\" rel=\"noopener\">v\u00e9logistique<\/a><\/p>\n","protected":false},"excerpt":{"rendered":"<p>Comment allons-nous faire pour survivre dans un monde sans p\u00e9trole et sans voitures? En fait, nous allons tout simplement commencer \u00e0 vivre, en utilisant le v\u00e9lo. Revue de d\u00e9tail des <a class=\"more-link\" href=\"https:\/\/carfree.fr\/index.php\/2010\/07\/05\/la-vie-sans-voiture-le-velo-pour-demenager\/\">Lire la suite&#8230;<\/a><\/p>\n","protected":false},"author":1721,"featured_media":36365,"comment_status":"open","ping_status":"open","sticky":false,"template":"","format":"standard","meta":[],"categories":[4,73,6,72,7,70],"tags":[1709,181,62,376,57,646,1102,725,158,61,45,704,90,757,164,1664,1065,1587,113,34,25,809],"views":27115,"_links":{"self":[{"href":"https:\/\/carfree.fr\/index.php\/wp-json\/wp\/v2\/posts\/8810"}],"collection":[{"href":"https:\/\/carfree.fr\/index.php\/wp-json\/wp\/v2\/posts"}],"about":[{"href":"https:\/\/carfree.fr\/index.php\/wp-json\/wp\/v2\/types\/post"}],"author":[{"embeddable":true,"href":"https:\/\/carfree.fr\/index.php\/wp-json\/wp\/v2\/users\/1721"}],"replies":[{"embeddable":true,"href":"https:\/\/carfree.fr\/index.php\/wp-json\/wp\/v2\/comments?post=8810"}],"version-history":[{"count":0,"href":"https:\/\/carfree.fr\/index.php\/wp-json\/wp\/v2\/posts\/8810\/revisions"}],"wp:featuredmedia":[{"embeddable":true,"href":"https:\/\/carfree.fr\/index.php\/wp-json\/wp\/v2\/media\/36365"}],"wp:attachment":[{"href":"https:\/\/carfree.fr\/index.php\/wp-json\/wp\/v2\/media?parent=8810"}],"wp:term":[{"taxonomy":"category","embeddable":true,"href":"https:\/\/carfree.fr\/index.php\/wp-json\/wp\/v2\/categories?post=8810"},{"taxonomy":"post_tag","embeddable":true,"href":"https:\/\/carfree.fr\/index.php\/wp-json\/wp\/v2\/tags?post=8810"}],"curies":[{"name":"wp","href":"https:\/\/api.w.org\/{rel}","templated":true}]}}