{"id":8836,"date":"2010-07-01T08:43:48","date_gmt":"2010-07-01T07:43:48","guid":{"rendered":"http:\/\/carfree.fr\/?p=8836"},"modified":"2020-12-29T15:05:02","modified_gmt":"2020-12-29T14:05:02","slug":"les-victimes-collaterales-de-lautomobile-particuliere","status":"publish","type":"post","link":"https:\/\/carfree.fr\/index.php\/2010\/07\/01\/les-victimes-collaterales-de-lautomobile-particuliere\/","title":{"rendered":"Les victimes collat\u00e9rales de l\u2019automobile particuli\u00e8re"},"content":{"rendered":"<p>On a r\u00e9guli\u00e8rement des faits divers en France o\u00f9 des pi\u00e9tons et des  cyclistes innocents sont massacr\u00e9s par des voitures. Ajoutez \u00e0 cette  h\u00e9catombe quotidienne tous les animaux \u00e9cras\u00e9s qui n&rsquo;ont pas l&rsquo;honneur  de b\u00e9n\u00e9ficier d&rsquo;un article de presse. Chaque fois qu&rsquo;un humain ou un animal est fauch\u00e9, on devrait en  imputer la responsabilit\u00e9 \u00e0 Monsieur Ghosn ou son homologue de la marque  automobile concern\u00e9e. <!--more--><\/p>\n<p>Ces jours-ci, dans ce flot continuel de drames, 3 faits divers de  cette nature ont accroch\u00e9 mon attention:<\/p>\n<p>17\/06\/2010: Un  suicide cons\u00e9cutif \u00e0 un accident de la route<\/p>\n<p>26\/06\/2010: <a href=\"http:\/\/www.letelegramme.com\/ig\/generales\/france-monde\/france\/var-une-mere-de-famille-happee-par-un-poids-lourd-sur-l-a8-26-06-2010-970045.php\" target=\"_blank\">Une  m\u00e8re de famille mortellement fauch\u00e9e sur l&rsquo;autoroute A8 sous les yeux  de ses enfants<\/a><\/p>\n<p>27\/06\/2010: Un  accrochage d\u00e9g\u00e9n\u00e8re en rixe mortelle sur l&rsquo;A13<\/p>\n<p>Dans certains cas, on n&rsquo;a pas seulement des victimes directes, mais  aussi des indirectes! un peu comme les victimes collat\u00e9rales des armes  de destruction massive o\u00f9 un accident de voiture d\u00e9clenche a-posteriori  un suicide ou une rixe mortelle cons\u00e9cutive!<\/p>\n<p>Faible consolation \u00e0 ces horreurs quotidiennes: le chiffre des  ventes de bagnoles est en train de plonger en France gr\u00e2ce \u00e0 une  multitude de facteurs dont l&rsquo;activisme de <a href=\"http:\/\/carfree.fr\">carfree.fr<\/a> n&rsquo;est pas \u00e9tranger, mais aussi gr\u00e2ce \u00e0 la  prime \u00e0 la casse qui vient encore de baisser le premier juillet.<br \/>\n&#8212;<br \/>\nGilles Chomel<\/p>\n","protected":false},"excerpt":{"rendered":"<p>On a r\u00e9guli\u00e8rement des faits divers en France o\u00f9 des pi\u00e9tons et des cyclistes innocents sont massacr\u00e9s par des voitures. Ajoutez \u00e0 cette h\u00e9catombe quotidienne tous les animaux \u00e9cras\u00e9s qui <a class=\"more-link\" href=\"https:\/\/carfree.fr\/index.php\/2010\/07\/01\/les-victimes-collaterales-de-lautomobile-particuliere\/\">Lire la suite&#8230;<\/a><\/p>\n","protected":false},"author":27,"featured_media":37567,"comment_status":"open","ping_status":"open","sticky":false,"template":"","format":"standard","meta":[],"categories":[73,1038],"tags":[646,643,16,578,101,263,178],"views":15042,"_links":{"self":[{"href":"https:\/\/carfree.fr\/index.php\/wp-json\/wp\/v2\/posts\/8836"}],"collection":[{"href":"https:\/\/carfree.fr\/index.php\/wp-json\/wp\/v2\/posts"}],"about":[{"href":"https:\/\/carfree.fr\/index.php\/wp-json\/wp\/v2\/types\/post"}],"author":[{"embeddable":true,"href":"https:\/\/carfree.fr\/index.php\/wp-json\/wp\/v2\/users\/27"}],"replies":[{"embeddable":true,"href":"https:\/\/carfree.fr\/index.php\/wp-json\/wp\/v2\/comments?post=8836"}],"version-history":[{"count":0,"href":"https:\/\/carfree.fr\/index.php\/wp-json\/wp\/v2\/posts\/8836\/revisions"}],"wp:featuredmedia":[{"embeddable":true,"href":"https:\/\/carfree.fr\/index.php\/wp-json\/wp\/v2\/media\/37567"}],"wp:attachment":[{"href":"https:\/\/carfree.fr\/index.php\/wp-json\/wp\/v2\/media?parent=8836"}],"wp:term":[{"taxonomy":"category","embeddable":true,"href":"https:\/\/carfree.fr\/index.php\/wp-json\/wp\/v2\/categories?post=8836"},{"taxonomy":"post_tag","embeddable":true,"href":"https:\/\/carfree.fr\/index.php\/wp-json\/wp\/v2\/tags?post=8836"}],"curies":[{"name":"wp","href":"https:\/\/api.w.org\/{rel}","templated":true}]}}