{"id":8847,"date":"2010-07-26T09:47:07","date_gmt":"2010-07-26T08:47:07","guid":{"rendered":"http:\/\/carfree.fr\/?p=8847"},"modified":"2022-05-11T12:39:50","modified_gmt":"2022-05-11T11:39:50","slug":"vive-les-parking","status":"publish","type":"post","link":"https:\/\/carfree.fr\/index.php\/2010\/07\/26\/vive-les-parking\/","title":{"rendered":"Vive les PARK(ing)!"},"content":{"rendered":"<p><img decoding=\"async\" loading=\"lazy\" title=\"parking-day\" src=\"http:\/\/carfree.fr\/images\/parking-day.jpg\" alt=\"\" width=\"420\" height=\"200\" \/><\/p>\n<p>Appel \u00e0 la mobilisation des habitants, artistes et activistes pour une  r\u00e9appropriation des places de parking par des interventions ludiques et  originales! <!--more--><\/p>\n<p>\u00c9v\u00e9nement mondial ouvert \u00e0 tous, <strong>PARK(ing) Day<\/strong> pose la  question de la place du pi\u00e9ton et des espaces verts dans l\u2019espace  urbain. Citoyens, artistes, activistes et autres green guerilleros, \u00e0  vos binettes! S\u2019appuyant sur les r\u00e9seaux sociaux num\u00e9riques, PARK(ing)  Day invite \u00e0 se r\u00e9approprier l\u2019espace b\u00e9tonn\u00e9 d\u2019une place de parking par  la cr\u00e9ation temporaire d\u2019espaces v\u00e9g\u00e9talis\u00e9s et conviviaux.<\/p>\n<p>Petits  jardins publics, terrasses, potagers, aires de jeu accueillant concours  de ping-pong ou jeux de go, lieux d\u2019\u00e9changes originaux et cr\u00e9atifs,  installations artistiques \u00e9ph\u00e9m\u00e8res, actions ludiques et cr\u00e9atives :  autant d\u2019id\u00e9es pour cr\u00e9er des espaces publics partag\u00e9s et durables.<\/p>\n<p>A l\u2019occasion de ces journ\u00e9es d\u2019action du <strong>17 et 18 septembre<\/strong>,  venez, vous aussi, occuper joyeusement des places de parking dans  Paris, sa banlieue et les villes de France ! Au programme : actions  artistiques, installations v\u00e9g\u00e9tales ludiques et cr\u00e9atives ou encore  espaces alternatifs de rencontres et de solidarit\u00e9.<\/p>\n<p>A Paris, l\u2019association Dedale d\u00e9j\u00e0 pr\u00e9occup\u00e9 par ces questions invite le collectif am\u00e9ricain <strong>REBAR<\/strong> a impulser la mobilisation ParkingDay depuis la Cit\u00e9 Internationale de  Paris.  De nombreux artistes activistes investiront Bastille, les  alentours de la Porte d\u2019Orl\u00e9ans, et bien d\u2019autres lieux.<\/p>\n<p><img decoding=\"async\" loading=\"lazy\" title=\"SanFrancisco\" src=\"http:\/\/carfree.fr\/images\/SanFrancisco.jpg\" alt=\"\" width=\"420\" height=\"280\" \/><br \/>\nLe tout premier park(ing) \u00e0 San Francisco en 2005.<\/p>\n<p>Partout en France, de nombreuses actions auront lieu pour se r\u00e9approprier l&rsquo;espace public confisqu\u00e9 par l&rsquo;automobile. D\u00e9j\u00e0, des actions sont pr\u00e9vues \u00e0 Marseille, Nantes, Brest, Rennes, Lyon, Poitiers, Bordeaux, La Rochelle, Angers et Strasbourg. Inscrivez vos propres projets sur le site!<\/p>\n<p><img decoding=\"async\" loading=\"lazy\" title=\"PhotoDessinText\" src=\"http:\/\/carfree.fr\/images\/PhotoDessinText.jpg\" alt=\"\" width=\"420\" height=\"339\" \/><\/p>\n<p>Citoyens, mobilisez-vous : la ville vous appartient !<\/p>\n<p>Source: <a title=\"http:\/\/www.parkingday.fr\/\" href=\"http:\/\/www.parkingday.fr\/\" target=\"_blank\">http:\/\/www.parkingday.fr\/<\/a><\/p>\n<p><a href=\"http:\/\/www.facebook.com\/pages\/Parking-Day-France\/133513143329423\" target=\"_blank\">Parking Day France sur Facebook<\/a><\/p>\n","protected":false},"excerpt":{"rendered":"<p>Appel \u00e0 la mobilisation des habitants, artistes et activistes pour une r\u00e9appropriation des places de parking par des interventions ludiques et originales!<\/p>\n","protected":false},"author":1390,"featured_media":8850,"comment_status":"open","ping_status":"open","sticky":false,"template":"","format":"standard","meta":[],"categories":[4,73],"tags":[181,498,186,568,352,65,16,779,439,158,204,760,610,332,336,106,843,44,444,172,334,215,133,398,38,714,34],"views":11537,"_links":{"self":[{"href":"https:\/\/carfree.fr\/index.php\/wp-json\/wp\/v2\/posts\/8847"}],"collection":[{"href":"https:\/\/carfree.fr\/index.php\/wp-json\/wp\/v2\/posts"}],"about":[{"href":"https:\/\/carfree.fr\/index.php\/wp-json\/wp\/v2\/types\/post"}],"author":[{"embeddable":true,"href":"https:\/\/carfree.fr\/index.php\/wp-json\/wp\/v2\/users\/1390"}],"replies":[{"embeddable":true,"href":"https:\/\/carfree.fr\/index.php\/wp-json\/wp\/v2\/comments?post=8847"}],"version-history":[{"count":0,"href":"https:\/\/carfree.fr\/index.php\/wp-json\/wp\/v2\/posts\/8847\/revisions"}],"wp:featuredmedia":[{"embeddable":true,"href":"https:\/\/carfree.fr\/index.php\/wp-json\/"}],"wp:attachment":[{"href":"https:\/\/carfree.fr\/index.php\/wp-json\/wp\/v2\/media?parent=8847"}],"wp:term":[{"taxonomy":"category","embeddable":true,"href":"https:\/\/carfree.fr\/index.php\/wp-json\/wp\/v2\/categories?post=8847"},{"taxonomy":"post_tag","embeddable":true,"href":"https:\/\/carfree.fr\/index.php\/wp-json\/wp\/v2\/tags?post=8847"}],"curies":[{"name":"wp","href":"https:\/\/api.w.org\/{rel}","templated":true}]}}