{"id":9112,"date":"2010-07-28T09:01:53","date_gmt":"2010-07-28T08:01:53","guid":{"rendered":"http:\/\/carfree.fr\/?p=9112"},"modified":"2021-02-18T11:19:10","modified_gmt":"2021-02-18T10:19:10","slug":"non-au-rallye-de-france-automobile","status":"publish","type":"post","link":"https:\/\/carfree.fr\/index.php\/2010\/07\/28\/non-au-rallye-de-france-automobile\/","title":{"rendered":"Non au Rallye de France automobile !"},"content":{"rendered":"<p><img decoding=\"async\" loading=\"lazy\" title=\"rally_crash\" src=\"http:\/\/carfree.fr\/images\/rally_crash.jpg\" alt=\"\" width=\"420\" height=\"200\" \/><\/p>\n<p>Une p\u00e9tition circule pour s&rsquo;opposer au Rallye de France Automobile qui doit emprunter les routes vosgiennes en octobre prochain. V\u00e9lomaxou adh\u00e8re \u00e0 cette p\u00e9tition. Voici le texte des organisations signataires. <!--more--><\/p>\n<p>P\u00e9tition \u00ab Non au rallye de France \u00bb (organis\u00e9 en Alsace) Le collectif \u00ab non au Rallye de France \u00bb regroupant au 10 juillet 2010 les associations CADR-Mulhouse, CADR-Colmar, CADR-67, la Ligue Contre la Violence Routi\u00e8re, Alsace Nature et Les Pieds sur Terre et les Verts demande l\u2019annulation du Rallye de France organis\u00e9 en Alsace du 1er au 3 octobre 2010 pour les raisons suivantes :<\/p>\n<p>\u2022 Le message v\u00e9hicul\u00e9 par une telle manifestation est en totale contradiction avec les discours sur l\u2019exemplarit\u00e9 en mati\u00e8re de protection de l\u2019environnement, d\u2019\u00e9conomie d\u2019\u00e9nergie, de lutte contre le changement climatique.<\/p>\n<p>\u2022 Le trac\u00e9 du Rallye emprunte des routes du Parc des Ballons d\u2019Alsace prot\u00e9g\u00e9 par la directive europ\u00e9enne Natura 2000.<\/p>\n<p>\u2022 L\u2019organisation d\u2019un rallye automobile promeut la vitesse, cause majeure d\u2019ins\u00e9curit\u00e9 routi\u00e8re en voiture, en moto, en cyclomoteur, en mini-moto et en quad.<\/p>\n<p>\u2022 Cette \u00ab \u00e9ducation \u00e0 rebours \u00bb que constitue ce type de manifestation s\u2019oppose aux efforts des enseignants de l\u2019\u00e9ducation nationale et des nombreuses associations qui travaillent pour une \u00e9ducation \u00e0 l\u2019environnement, \u00e0 la sant\u00e9 (lutte contre la s\u00e9dentarit\u00e9) et \u00e0 la s\u00e9curit\u00e9 routi\u00e8re.<\/p>\n<p>\u2022 Ce Rallye constitue un gaspillage des finances publiques : sur un budget total de 2,4 millions d\u2019euros, les collectivit\u00e9s locales verseront la somme de 1,3 millions d\u2019euros. D\u00e9pense inutile en temps de crise.<\/p>\n<p>\u2022 Nombreux \u00e9lus pr\u00e9tendent se passionner pour une telle manifestation alors qu\u2019ils sont souvent issus de milieux sociaux o\u00f9 le \u00ab sport automobile \u00bb est loin des valeurs d\u2019\u00e9ducation, de culture et de sport qu\u2019ils ont connus et qu\u2019ils veulent transmettre \u00e0 leurs enfants.<\/p>\n","protected":false},"excerpt":{"rendered":"<p>Une p\u00e9tition circule pour s&rsquo;opposer au Rallye de France Automobile qui doit emprunter les routes vosgiennes en octobre prochain. V\u00e9lomaxou adh\u00e8re \u00e0 cette p\u00e9tition. Voici le texte des organisations signataires.<\/p>\n","protected":false},"author":195,"featured_media":9113,"comment_status":"closed","ping_status":"open","sticky":false,"template":"","format":"standard","meta":[],"categories":[73,6,1038,124],"tags":[326,517,605,57,305,324,728,433,139,60,68,308,16,340,272,385,556,278,226,320,151,178,788,1606,133,651,144],"views":13024,"_links":{"self":[{"href":"https:\/\/carfree.fr\/index.php\/wp-json\/wp\/v2\/posts\/9112"}],"collection":[{"href":"https:\/\/carfree.fr\/index.php\/wp-json\/wp\/v2\/posts"}],"about":[{"href":"https:\/\/carfree.fr\/index.php\/wp-json\/wp\/v2\/types\/post"}],"author":[{"embeddable":true,"href":"https:\/\/carfree.fr\/index.php\/wp-json\/wp\/v2\/users\/195"}],"replies":[{"embeddable":true,"href":"https:\/\/carfree.fr\/index.php\/wp-json\/wp\/v2\/comments?post=9112"}],"version-history":[{"count":0,"href":"https:\/\/carfree.fr\/index.php\/wp-json\/wp\/v2\/posts\/9112\/revisions"}],"wp:featuredmedia":[{"embeddable":true,"href":"https:\/\/carfree.fr\/index.php\/wp-json\/"}],"wp:attachment":[{"href":"https:\/\/carfree.fr\/index.php\/wp-json\/wp\/v2\/media?parent=9112"}],"wp:term":[{"taxonomy":"category","embeddable":true,"href":"https:\/\/carfree.fr\/index.php\/wp-json\/wp\/v2\/categories?post=9112"},{"taxonomy":"post_tag","embeddable":true,"href":"https:\/\/carfree.fr\/index.php\/wp-json\/wp\/v2\/tags?post=9112"}],"curies":[{"name":"wp","href":"https:\/\/api.w.org\/{rel}","templated":true}]}}