{"id":9265,"date":"2010-08-10T14:20:42","date_gmt":"2010-08-10T13:20:42","guid":{"rendered":"http:\/\/carfree.fr\/?p=9265"},"modified":"2021-01-07T17:48:33","modified_gmt":"2021-01-07T16:48:33","slug":"un-ete-dapocalypse-et-les-rigolos-de-service","status":"publish","type":"post","link":"https:\/\/carfree.fr\/index.php\/2010\/08\/10\/un-ete-dapocalypse-et-les-rigolos-de-service\/","title":{"rendered":"Un \u00e9t\u00e9 d\u2019apocalypse et les rigolos de service"},"content":{"rendered":"<p>L&rsquo;\u00e9t\u00e9 2010 marque un tournant dans la conscience mondiale du  r\u00e9chauffement climatique et de ses effets dramatiques avec toutes les  catastrophes qui s&rsquo;encha\u00eenent: mar\u00e9e noire, incendies cataclysmiques et  inondations gigantesques. <!--more--><\/p>\n<p>Un effet inattendu du r\u00e9chauffement climatique, ce sont ces d\u00e9luges  en europe centrale, au pakistan, en inde et en chine. L&rsquo;explication est  pourtant simple: le r\u00e9chauffement accroit l&rsquo;\u00e9vaporation de l&rsquo;eau des  mers et des oc\u00e9ans et sa quantit\u00e9 dans l&rsquo;atmosph\u00e8re sous forme de  vapeur. Ajoutez \u00e0 cela que la vapeur d&rsquo;eau est, elle-m\u00eame, un gaz \u00e0  effet de serre et vous comprendrez l&#8217;emballement du ph\u00e9nom\u00e8ne que les  scientifiques constatent avec l&rsquo;acc\u00e9l\u00e9ration de la d\u00e9bacle de la  banquise.<\/p>\n<p>Pendant ce temps l\u00e0, dans l&rsquo;excellente \u00e9mission C&rsquo;DansL&rsquo;Air sur la  Cinq, les rigolos de service, je veux parler de ces hypocrites qui  contestent le r\u00e9chauffement climatique ou l&rsquo;ins\u00e9curit\u00e9 routi\u00e8re pour se  faire valoir ou pour entretenir leur portefeuille de client\u00e8le, se  complaisent dans leur attitude de d\u00e9nie:<\/p>\n<p>Laurent Cabrol nous sert son couplet habituel: \u00ab\u00a0Mais mon brave  Monsieur, en 1850, on r\u00e9coltait des fraises \u00e0 Strasbourg et le Groenland  a \u00e9t\u00e9 ainsi nomm\u00e9 parce qu&rsquo;il \u00e9tait couvert de for\u00eats au XV\u00e8me si\u00e8cle\u00a0\u00bb.  Ma\u00eetre de Caumont pr\u00e9conise de d\u00e9p\u00e9naliser la vitesse sur autoroute  parce qu&rsquo;\u00e0 \u00ab\u00a0300 kilom\u00e8tres\/heure, on est moins sujet \u00e0 l&rsquo;assoupissement  que dans le troupeau \u00e0 130km\/h\u00a0\u00bb.<\/p>\n<h2>Alors ! Messieurs Guerrier et Calvi, continuerez-vous \u00e0 inviter ces  irresponsables \u00e0 vos d\u00e9bats apr\u00e8s la rentr\u00e9e ?<\/h2>\n<p>GC,<br \/>\nProgrammeur du jeu vid\u00e9o <a href=\"http:\/\/www.cryptext.fr\/\" target=\"_blank\">www.CrypText.fr<\/a><br \/>\nGestionnaire de <a href=\"http:\/\/gilles.chomel.free.fr\/\" target=\"_blank\">www.LecoLomobiLe.fr<\/a><\/p>\n","protected":false},"excerpt":{"rendered":"<p>L&rsquo;\u00e9t\u00e9 2010 marque un tournant dans la conscience mondiale du r\u00e9chauffement climatique et de ses effets dramatiques avec toutes les catastrophes qui s&rsquo;encha\u00eenent: mar\u00e9e noire, incendies cataclysmiques et inondations gigantesques.<\/p>\n","protected":false},"author":27,"featured_media":37596,"comment_status":"open","ping_status":"open","sticky":false,"template":"","format":"standard","meta":[],"categories":[73,1038,124],"tags":[57,55,169,1669,151,178,133,144],"views":6389,"_links":{"self":[{"href":"https:\/\/carfree.fr\/index.php\/wp-json\/wp\/v2\/posts\/9265"}],"collection":[{"href":"https:\/\/carfree.fr\/index.php\/wp-json\/wp\/v2\/posts"}],"about":[{"href":"https:\/\/carfree.fr\/index.php\/wp-json\/wp\/v2\/types\/post"}],"author":[{"embeddable":true,"href":"https:\/\/carfree.fr\/index.php\/wp-json\/wp\/v2\/users\/27"}],"replies":[{"embeddable":true,"href":"https:\/\/carfree.fr\/index.php\/wp-json\/wp\/v2\/comments?post=9265"}],"version-history":[{"count":0,"href":"https:\/\/carfree.fr\/index.php\/wp-json\/wp\/v2\/posts\/9265\/revisions"}],"wp:featuredmedia":[{"embeddable":true,"href":"https:\/\/carfree.fr\/index.php\/wp-json\/wp\/v2\/media\/37596"}],"wp:attachment":[{"href":"https:\/\/carfree.fr\/index.php\/wp-json\/wp\/v2\/media?parent=9265"}],"wp:term":[{"taxonomy":"category","embeddable":true,"href":"https:\/\/carfree.fr\/index.php\/wp-json\/wp\/v2\/categories?post=9265"},{"taxonomy":"post_tag","embeddable":true,"href":"https:\/\/carfree.fr\/index.php\/wp-json\/wp\/v2\/tags?post=9265"}],"curies":[{"name":"wp","href":"https:\/\/api.w.org\/{rel}","templated":true}]}}