{"id":9309,"date":"2010-08-13T17:22:01","date_gmt":"2010-08-13T16:22:01","guid":{"rendered":"http:\/\/carfree.fr\/?p=9309"},"modified":"2022-05-19T10:45:44","modified_gmt":"2022-05-19T09:45:44","slug":"la-conjecture-de-marcel-robert","status":"publish","type":"post","link":"https:\/\/carfree.fr\/index.php\/2010\/08\/13\/la-conjecture-de-marcel-robert\/","title":{"rendered":"La conjecture de Marcel Robert"},"content":{"rendered":"<p>Une \u00e9tude du Commissariat g\u00e9n\u00e9ral au d\u00e9veloppement durable publi\u00e9e en d\u00e9but de semaine indique que les \u00e9missions fran\u00e7aises de CO2 stagnent. Entre 1990 et 2007 (date des derni\u00e8res donn\u00e9es disponibles), le total des \u00e9missions de CO2, li\u00e9es au r\u00e9chauffement climatique, est ainsi pass\u00e9 de 438 millions de tonnes \u00e0 439 millions, indique le commissariat. <!--more--><\/p>\n<p>Malgr\u00e9 les innovations technologiques, malgr\u00e9 les investissements \u00ab\u00a0verts\u00a0\u00bb, malgr\u00e9 les campagnes de sensibilisation et de communication, les \u00e9missions de Gaz \u00e0 Effet de Serre ne diminuent pas. \u00ab\u00a0<em>On est en pr\u00e9sence d&rsquo;un effet rebond, situation dans laquelle l&rsquo;am\u00e9lioration de l&rsquo;efficacit\u00e9 environnementale d&rsquo;une ressource ou d&rsquo;un \u00e9quipement est compens\u00e9e, totalement ou en partie, par un usage accru<\/em>\u00ab\u00a0, notent les auteurs. En clair, les Fran\u00e7ais consomment et produisent plus.<\/p>\n<p>Pour la voiture par exemple \u00ab\u00a0<em>la baisse de la consommation moyenne [de carburant] par kilom\u00e8tre abaisse le prix de chaque kilom\u00e8tre parcouru, de telle sorte qu\u2019elle permet une augmentation de la mobilit\u00e9 \u00e0 co\u00fbt \u00e9quivalent<\/em>\u00ab\u00a0, souligne le document. Puisque l&rsquo;automobiliste utilise moins de carburant au kilom\u00e8tre, il aura tendance \u00e0 rouler plus\u2026. R\u00e9sultat, les voitures de l&rsquo;Hexagone \u00e9mettent 10% de carbone de plus qu\u2019en 1990.<\/p>\n<p>Pour m\u00e9moire, la France s&rsquo;\u00e9tait donn\u00e9 pour objectif, en ratifiant le protocole de Kyoto, de r\u00e9duire de 20% les \u00e9missions de gaz \u00e0 effet de serre d\u2019ici 2020 par rapport \u00e0 1990. Pour ce qui concerne le seul secteur automobile, on est d\u00e9j\u00e0 \u00e0 +10% entre 1990 et 2007!<\/p>\n<p>On savait d\u00e9j\u00e0 que l&rsquo;automobile est <a title=\"http:\/\/carfree.fr\/index.php\/2010\/06\/04\/automobile-la-vache-sacree-du-rechauffement-climatique\/\" href=\"http:\/\/carfree.fr\/index.php\/2010\/06\/04\/automobile-la-vache-sacree-du-rechauffement-climatique\/\" target=\"_self\" rel=\"noopener\">la vache sacr\u00e9e du r\u00e9chauffement climatique<\/a>, mais cette \u00e9tude officielle arrive \u00e0 point pour nous rappeler que la technologie ne nous sauvera pas!<\/p>\n<p>Il ne sert strictement \u00e0 rien d&rsquo;am\u00e9liorer l&rsquo;efficacit\u00e9 \u00e9nerg\u00e9tique des voitures si les automobilistes s&rsquo;en servent pour faire plus de kilom\u00e8tres. C&rsquo;est une \u00e9vidence que l&rsquo;\u00e9talement urbain nous avait d\u00e9j\u00e0 montr\u00e9 du fait de la <a title=\"http:\/\/carfree.fr\/index.php\/2005\/09\/13\/la-conjecture-de-zahavi-un-mecanisme-regulateur\/\" href=\"http:\/\/carfree.fr\/index.php\/2005\/09\/13\/la-conjecture-de-zahavi-un-mecanisme-regulateur\/\" target=\"_self\" rel=\"noopener\">conjecture de Zahavi<\/a>: une vitesse plus \u00e9lev\u00e9e permise par la technologie ou par les infrastructures de transports ne permet pas de passer moins de temps dans sa voiture pour accomplir son programme d&rsquo;activit\u00e9s, mais permet d&rsquo;aller toujours plus loin (\u00e9talement urbain) pour le m\u00eame budget-temps.<\/p>\n<p>La c\u00e9l\u00e8bre conjecture de Zahavi est ainsi en train de s&rsquo;appliquer aux \u00e9missions de CO2. En toute modestie, je propose donc de la nommer \u00ab\u00a0Conjecture de Marcel Robert\u00a0\u00bb et de la formuler en ces termes:<\/p>\n<blockquote><p>Toute am\u00e9lioration technologique de l&rsquo;automobile en mati\u00e8re de consommation de carburant et d&rsquo;\u00e9missions de CO2 permet de rouler plus \u00e0 consommation constante et ne diminue donc pas la consommation globale et les \u00e9missions de CO2 aff\u00e9rentes.<\/p><\/blockquote>\n<p>Cette conjecture prouve l&rsquo;incapacit\u00e9 fondamentale de la technologie (et de l&rsquo;industrie automobile) \u00e0 limiter les \u00e9missions de CO2 et met en valeur la n\u00e9cessit\u00e9 absolue de limiter la circulation automobile par des mesures contraignantes pour parvenir \u00e0 cet objectif.<\/p>\n","protected":false},"excerpt":{"rendered":"<p>Une \u00e9tude du Commissariat g\u00e9n\u00e9ral au d\u00e9veloppement durable publi\u00e9e en d\u00e9but de semaine indique que les \u00e9missions fran\u00e7aises de CO2 stagnent. Entre 1990 et 2007 (date des derni\u00e8res donn\u00e9es disponibles), <a class=\"more-link\" href=\"https:\/\/carfree.fr\/index.php\/2010\/08\/13\/la-conjecture-de-marcel-robert\/\">Lire la suite&#8230;<\/a><\/p>\n","protected":false},"author":18,"featured_media":44701,"comment_status":"open","ping_status":"open","sticky":false,"template":"","format":"standard","meta":[],"categories":[73,124],"tags":[639,517,103,290,110,57,56,175,188,306,612,328,55,594,308,16,273,81,668,236,203,134,47,1669,150,232,38,144],"views":6885,"_links":{"self":[{"href":"https:\/\/carfree.fr\/index.php\/wp-json\/wp\/v2\/posts\/9309"}],"collection":[{"href":"https:\/\/carfree.fr\/index.php\/wp-json\/wp\/v2\/posts"}],"about":[{"href":"https:\/\/carfree.fr\/index.php\/wp-json\/wp\/v2\/types\/post"}],"author":[{"embeddable":true,"href":"https:\/\/carfree.fr\/index.php\/wp-json\/wp\/v2\/users\/18"}],"replies":[{"embeddable":true,"href":"https:\/\/carfree.fr\/index.php\/wp-json\/wp\/v2\/comments?post=9309"}],"version-history":[{"count":0,"href":"https:\/\/carfree.fr\/index.php\/wp-json\/wp\/v2\/posts\/9309\/revisions"}],"wp:featuredmedia":[{"embeddable":true,"href":"https:\/\/carfree.fr\/index.php\/wp-json\/wp\/v2\/media\/44701"}],"wp:attachment":[{"href":"https:\/\/carfree.fr\/index.php\/wp-json\/wp\/v2\/media?parent=9309"}],"wp:term":[{"taxonomy":"category","embeddable":true,"href":"https:\/\/carfree.fr\/index.php\/wp-json\/wp\/v2\/categories?post=9309"},{"taxonomy":"post_tag","embeddable":true,"href":"https:\/\/carfree.fr\/index.php\/wp-json\/wp\/v2\/tags?post=9309"}],"curies":[{"name":"wp","href":"https:\/\/api.w.org\/{rel}","templated":true}]}}