{"id":9920,"date":"2010-09-13T08:23:13","date_gmt":"2010-09-13T07:23:13","guid":{"rendered":"http:\/\/carfree.fr\/?p=9920"},"modified":"2021-02-08T14:40:37","modified_gmt":"2021-02-08T13:40:37","slug":"masse-critique-parisienne-le-22-septembre","status":"publish","type":"post","link":"https:\/\/carfree.fr\/index.php\/2010\/09\/13\/masse-critique-parisienne-le-22-septembre\/","title":{"rendered":"Masse critique parisienne le 22 septembre !"},"content":{"rendered":"<p><img decoding=\"async\" loading=\"lazy\" title=\"CriticalMass\" src=\"http:\/\/carfree.fr\/images\/CriticalMass.jpg\" alt=\"\" width=\"420\" height=\"200\" \/><\/p>\n<p>\u00c0 la fin de la \u00ab Semaine de la mobilit\u00e9 et de la s\u00e9curit\u00e9 routi\u00e8re \u00bb (!), le jour de l\u2019ex-journ\u00e9e-sans-ma-bagnole, rassemblement spontan\u00e9 contre l\u2019immobilit\u00e9 \u00e9cologique et pour le triomphe des cyclistes urbains. Rendez-vous \u00e0 18h30 tr\u00e8s pr\u00e9cises pour tourner place de l\u2019\u00c9toile, s\u2019ins\u00e9rer dans le trafic et recycler de l\u2019espace public au sol. <!--more--><\/p>\n<p>Les cyclistes montreront par l\u2019absurde que, contre la pollution, tourner en rond n\u2019est pas la solution. Restructurons nos villes, relocalisons nos activit\u00e9s, r\u00e9duisons nos besoins de transport. La v\u00e9ritable s\u00e9curit\u00e9 routi\u00e8re, c\u2019est l\u2019\u00e9limination des bagnoles \u00e0 4, 3 ou 2 roues. Une seule solution : la V\u00e9lorution !<\/p>\n<p>Pour la semaine de \u00ab\u00a0la mobilit\u00e9 durable\u00a0\u00bb et surtout de l\u2019immobilit\u00e9 \u00e9cologique, V\u00e9lorution invite les cyclistes franciliens \u00e0 se retrouver \u00e0 18h30 place de l\u2019\u00e9toile.<\/p>\n<p>Un aper\u00e7u du triomphe cycliste de septembre 2009 :<\/p>\n<p><iframe loading=\"lazy\" frameborder=\"0\" width=\"800\" height=\"631\" src=\"https:\/\/www.dailymotion.com\/embed\/video\/xals9e\" allowfullscreen allow=\"autoplay\"><\/iframe><\/p>\n<p><a title=\"http:\/\/22septembre.org\/\" href=\"http:\/\/22septembre.org\/\" target=\"_blank\">http:\/\/22septembre.org\/<\/a> \u2013 <a title=\"http:\/\/velorution.org\/\" href=\"http:\/\/velorution.org\/\" target=\"_blank\">http:\/\/velorution.org\/<\/a><\/p>\n<p>L\u2019ann\u00e9e derni\u00e8re la Critical-Mass a rassembl\u00e9 22 000 v\u00e9los \u00e0 Budapest :<br \/>\n<a href=\"http:\/\/vimeo.com\/6925978\" target=\"_blank\">http:\/\/vimeo.com\/6925978<\/a><\/p>\n<p>Bient\u00f4t la m\u00eame chose \u00e0 Paris ! \ud83d\ude42<\/p>\n","protected":false},"excerpt":{"rendered":"<p>\u00c0 la fin de la \u00ab Semaine de la mobilit\u00e9 et de la s\u00e9curit\u00e9 routi\u00e8re \u00bb (!), le jour de l\u2019ex-journ\u00e9e-sans-ma-bagnole, rassemblement spontan\u00e9 contre l\u2019immobilit\u00e9 \u00e9cologique et pour le triomphe <a class=\"more-link\" href=\"https:\/\/carfree.fr\/index.php\/2010\/09\/13\/masse-critique-parisienne-le-22-septembre\/\">Lire la suite&#8230;<\/a><\/p>\n","protected":false},"author":168,"featured_media":9921,"comment_status":"open","ping_status":"open","sticky":false,"template":"","format":"standard","meta":[],"categories":[4,7],"tags":[62,185,575,646,604,352,272,311,134,106,33,178,220,38,1664,113,648,34],"views":7154,"_links":{"self":[{"href":"https:\/\/carfree.fr\/index.php\/wp-json\/wp\/v2\/posts\/9920"}],"collection":[{"href":"https:\/\/carfree.fr\/index.php\/wp-json\/wp\/v2\/posts"}],"about":[{"href":"https:\/\/carfree.fr\/index.php\/wp-json\/wp\/v2\/types\/post"}],"author":[{"embeddable":true,"href":"https:\/\/carfree.fr\/index.php\/wp-json\/wp\/v2\/users\/168"}],"replies":[{"embeddable":true,"href":"https:\/\/carfree.fr\/index.php\/wp-json\/wp\/v2\/comments?post=9920"}],"version-history":[{"count":0,"href":"https:\/\/carfree.fr\/index.php\/wp-json\/wp\/v2\/posts\/9920\/revisions"}],"wp:featuredmedia":[{"embeddable":true,"href":"https:\/\/carfree.fr\/index.php\/wp-json\/"}],"wp:attachment":[{"href":"https:\/\/carfree.fr\/index.php\/wp-json\/wp\/v2\/media?parent=9920"}],"wp:term":[{"taxonomy":"category","embeddable":true,"href":"https:\/\/carfree.fr\/index.php\/wp-json\/wp\/v2\/categories?post=9920"},{"taxonomy":"post_tag","embeddable":true,"href":"https:\/\/carfree.fr\/index.php\/wp-json\/wp\/v2\/tags?post=9920"}],"curies":[{"name":"wp","href":"https:\/\/api.w.org\/{rel}","templated":true}]}}