{"id":993,"date":"2008-10-10T00:21:18","date_gmt":"2008-10-09T23:21:18","guid":{"rendered":"http:\/\/carfree.fr\/index.php\/2008\/10\/10\/mahle-132-postes-en-moins-des-la-fin-de-lannee\/"},"modified":"2014-12-22T09:48:47","modified_gmt":"2014-12-22T08:48:47","slug":"mahle-132-postes-en-moins-des-la-fin-de-lannee","status":"publish","type":"post","link":"https:\/\/carfree.fr\/index.php\/2008\/10\/10\/mahle-132-postes-en-moins-des-la-fin-de-lannee\/","title":{"rendered":"MAHLE : 132 postes en moins d\u00e8s la fin de l\u2019ann\u00e9e"},"content":{"rendered":"<p class=\"spip\">L\u2019\u00e9quipementier allemand Mahle a annonc\u00e9 la fermeture du site de Persan (Val- d&rsquo;Oise) qui fabrique des filtres \u00e0 gaz d\u00e8s la fin de l\u2019ann\u00e9e. 132 postes seront supprim\u00e9s.<\/p>\n<p class=\"spip\">Source\u00a0: L\u2019Usine Nouvelle.<\/p>\n","protected":false},"excerpt":{"rendered":"<p>L\u2019\u00e9quipementier allemand Mahle a annonc\u00e9 la fermeture du site de Persan (Val- d&rsquo;Oise) qui fabrique des filtres \u00e0 gaz d\u00e8s la fin de l\u2019ann\u00e9e. 132 postes seront supprim\u00e9s. Source\u00a0: L\u2019Usine <a class=\"more-link\" href=\"https:\/\/carfree.fr\/index.php\/2008\/10\/10\/mahle-132-postes-en-moins-des-la-fin-de-lannee\/\">Lire la suite&#8230;<\/a><\/p>\n","protected":false},"author":60,"featured_media":0,"comment_status":"open","ping_status":"open","sticky":false,"template":"","format":"standard","meta":[],"categories":[495],"tags":[],"views":3075,"_links":{"self":[{"href":"https:\/\/carfree.fr\/index.php\/wp-json\/wp\/v2\/posts\/993"}],"collection":[{"href":"https:\/\/carfree.fr\/index.php\/wp-json\/wp\/v2\/posts"}],"about":[{"href":"https:\/\/carfree.fr\/index.php\/wp-json\/wp\/v2\/types\/post"}],"author":[{"embeddable":true,"href":"https:\/\/carfree.fr\/index.php\/wp-json\/wp\/v2\/users\/60"}],"replies":[{"embeddable":true,"href":"https:\/\/carfree.fr\/index.php\/wp-json\/wp\/v2\/comments?post=993"}],"version-history":[{"count":0,"href":"https:\/\/carfree.fr\/index.php\/wp-json\/wp\/v2\/posts\/993\/revisions"}],"wp:attachment":[{"href":"https:\/\/carfree.fr\/index.php\/wp-json\/wp\/v2\/media?parent=993"}],"wp:term":[{"taxonomy":"category","embeddable":true,"href":"https:\/\/carfree.fr\/index.php\/wp-json\/wp\/v2\/categories?post=993"},{"taxonomy":"post_tag","embeddable":true,"href":"https:\/\/carfree.fr\/index.php\/wp-json\/wp\/v2\/tags?post=993"}],"curies":[{"name":"wp","href":"https:\/\/api.w.org\/{rel}","templated":true}]}}