{"id":1381,"name":"Reporterre","url":"http:\/\/www.reporterre.net\/","description":"Magazine \u00e9cologique informant sur les liens entre crise \u00e9cologique, injustices sociales et menaces sur les libert\u00e9s","link":"https:\/\/carfree.fr\/index.php\/author\/reporterre\/","slug":"reporterre","avatar_urls":{"24":"https:\/\/secure.gravatar.com\/avatar\/82823dc82518e1a0441928f560f3102c?s=24&d=wavatar&r=g","48":"https:\/\/secure.gravatar.com\/avatar\/82823dc82518e1a0441928f560f3102c?s=48&d=wavatar&r=g","96":"https:\/\/secure.gravatar.com\/avatar\/82823dc82518e1a0441928f560f3102c?s=96&d=wavatar&r=g"},"meta":[],"_links":{"self":[{"href":"https:\/\/carfree.fr\/index.php\/wp-json\/wp\/v2\/users\/1381"}],"collection":[{"href":"https:\/\/carfree.fr\/index.php\/wp-json\/wp\/v2\/users"}]}}