{"id":156,"name":"Herv\u00e9 Kempf","url":"http:\/\/www.reporterre.net\/","description":"Journaliste et \u00e9crivain fran\u00e7ais. Il \u00e9crit dans le quotidien fran\u00e7ais Le Monde depuis 1998. Cr\u00e9ateur du site internet Reporterre.","link":"https:\/\/carfree.fr\/index.php\/author\/kempf\/","slug":"kempf","avatar_urls":{"24":"https:\/\/secure.gravatar.com\/avatar\/a02d453cfcfcf1ee5d8b5c3ff3276b7a?s=24&d=wavatar&r=g","48":"https:\/\/secure.gravatar.com\/avatar\/a02d453cfcfcf1ee5d8b5c3ff3276b7a?s=48&d=wavatar&r=g","96":"https:\/\/secure.gravatar.com\/avatar\/a02d453cfcfcf1ee5d8b5c3ff3276b7a?s=96&d=wavatar&r=g"},"meta":[],"_links":{"self":[{"href":"https:\/\/carfree.fr\/index.php\/wp-json\/wp\/v2\/users\/156"}],"collection":[{"href":"https:\/\/carfree.fr\/index.php\/wp-json\/wp\/v2\/users"}]}}