{"id":1630,"name":"Club des villes et territoires cyclables","url":"http:\/\/www.villes-cyclables.org\/","description":"R\u00e9seau de collectivit\u00e9s territoriales engag\u00e9es pour le d\u00e9veloppement de l\u2019usage du v\u00e9lo au quotidien et de la mobilit\u00e9 durable.","link":"https:\/\/carfree.fr\/index.php\/author\/villes-cyclables\/","slug":"villes-cyclables","avatar_urls":{"24":"https:\/\/secure.gravatar.com\/avatar\/5e350ef9e9bb854aed1aa939b388b582?s=24&d=wavatar&r=g","48":"https:\/\/secure.gravatar.com\/avatar\/5e350ef9e9bb854aed1aa939b388b582?s=48&d=wavatar&r=g","96":"https:\/\/secure.gravatar.com\/avatar\/5e350ef9e9bb854aed1aa939b388b582?s=96&d=wavatar&r=g"},"meta":[],"_links":{"self":[{"href":"https:\/\/carfree.fr\/index.php\/wp-json\/wp\/v2\/users\/1630"}],"collection":[{"href":"https:\/\/carfree.fr\/index.php\/wp-json\/wp\/v2\/users"}]}}