{"id":623,"name":"Faire Territoire","url":"http:\/\/www.faire-territoire.fr","description":"Lieu de ressources et de refl\u00e9xion sur l'am\u00e9nagement et le d\u00e9veloppement durables des territoires","link":"https:\/\/carfree.fr\/index.php\/author\/faire-territoire\/","slug":"faire-territoire","avatar_urls":{"24":"https:\/\/secure.gravatar.com\/avatar\/57ffdf5adaae5ded32c272695832a8c2?s=24&d=wavatar&r=g","48":"https:\/\/secure.gravatar.com\/avatar\/57ffdf5adaae5ded32c272695832a8c2?s=48&d=wavatar&r=g","96":"https:\/\/secure.gravatar.com\/avatar\/57ffdf5adaae5ded32c272695832a8c2?s=96&d=wavatar&r=g"},"meta":[],"_links":{"self":[{"href":"https:\/\/carfree.fr\/index.php\/wp-json\/wp\/v2\/users\/623"}],"collection":[{"href":"https:\/\/carfree.fr\/index.php\/wp-json\/wp\/v2\/users"}]}}